{"id":17214,"date":"2021-08-09T09:21:01","date_gmt":"2021-08-09T14:21:01","guid":{"rendered":"https:\/\/encuentroinformativo.com.mx\/?p=17214"},"modified":"2021-08-09T09:21:03","modified_gmt":"2021-08-09T14:21:03","slug":"por-covid-murio-alcalde-electo-de-isla","status":"publish","type":"post","link":"https:\/\/encuentroinformativo.com.mx\/?p=17214","title":{"rendered":"Por Covid, muri\u00f3 alcalde electo de Isla"},"content":{"rendered":"\n<p><strong>Juan Arcos<\/strong><\/p>\n\n\n\n<p>Xalapa, Ver.- Abelino Barrientos Castro, alcalde electo de Isla, Veracruz, falleci\u00f3 la madrugada de este lunes 9 de agosto a la edad de 65 a\u00f1os, tras permanecer varios d\u00edas hospitalizado.<\/p>\n\n\n\n<p>De acuerdo con los primeros reportes, el l\u00edder ganadero y pol\u00edtico muri\u00f3 a las 5:30 horas, a causa del por SARS-COV-2 (COVID-19).<\/p>\n\n\n\n<p>El pol\u00edtico se hab\u00eda contagiado de coronavirus hace unas semanas, logrando estabilizarse; sin embargo, recay\u00f3 y no resisti\u00f3 a la enfermedad.<\/p>\n\n\n\n<p>Barrientos Castro gan\u00f3 la elecci\u00f3n reciente como abanderado del Movimiento de Regeneraci\u00f3n Nacional (Morena), obteniendo el 26.3 por ciento de los votos a su favor.<\/p>\n\n\n\n<p>En redes sociales, sus conocidos lo recuerdan por haber dejado una \u201chuella imborrable\u201d en la historia de Isla, tras su paso en la Asociaci\u00f3n Ganadera, como Alcalde interino y en sus diversas actividades agropecuarias.<\/p>\n\n\n\n<p>Despu\u00e9s de haberse alejado por varios a\u00f1os de la pol\u00edtica, este a\u00f1o regres\u00f3 y logr\u00f3 que un total de 4 mil 433 ciudadanas y ciudadanos emitieron su voto para que fuese el pr\u00f3ximo Alcalde de ciudad Isla.<\/p>\n\n\n\n<p>\u201cDescanse en Paz el hombre que hizo historia y que dej\u00f3 el sue\u00f1o de muchos Isle\u00f1os por recuperar la grandeza de nuestra identidad. Un hombre que fue producto del esfuerzo, del trabajo incansable y que siempre se mantuvo con la frente en alto ante todas las adversidades\u201d, expresan pobladores de Isla en redes sociales.<\/p>\n\n\n\n<p>El pasado 10 de junio, Abelino Barrientos recibi\u00f3 su constancia de mayor\u00eda como presidente municipal electo por parte del Organismo P\u00fablico Local Electoral de Veracruz (OPLE).<\/p>\n\n\n\n<p>Cabe recordar que varios ediles y representantes populares han fallecido en esta entidad a causa de coronavirus.<\/p>\n","protected":false},"excerpt":{"rendered":"<p>Juan Arcos Xalapa, Ver.- Abelino Barrientos Castro, alcalde electo de Isla, Veracruz, falleci\u00f3 la madrugada de este lunes 9 de agosto a la edad de 65 a\u00f1os, tras permanecer varios d\u00edas hospitalizado. De acuerdo con los primeros reportes, el l\u00edder ganadero y pol\u00edtico muri\u00f3 a las 5:30 horas, a causa del por SARS-COV-2 (COVID-19). El [&hellip;]<\/p>\n","protected":false},"author":1,"featured_media":17215,"comment_status":"open","ping_status":"open","sticky":false,"template":"","format":"standard","meta":{"_jetpack_memberships_contains_paid_content":false,"footnotes":""},"categories":[2],"tags":[],"class_list":["post-17214","post","type-post","status-publish","format-standard","has-post-thumbnail","hentry","category-estado"],"jetpack_featured_media_url":"https:\/\/encuentroinformativo.com.mx\/wp-content\/uploads\/2021\/08\/11B0337A-64BB-479C-86D9-F35AFBA538EC.jpeg","jetpack_sharing_enabled":true,"jetpack_likes_enabled":true,"amp_enabled":true,"_links":{"self":[{"href":"https:\/\/encuentroinformativo.com.mx\/index.php?rest_route=\/wp\/v2\/posts\/17214","targetHints":{"allow":["GET"]}}],"collection":[{"href":"https:\/\/encuentroinformativo.com.mx\/index.php?rest_route=\/wp\/v2\/posts"}],"about":[{"href":"https:\/\/encuentroinformativo.com.mx\/index.php?rest_route=\/wp\/v2\/types\/post"}],"author":[{"embeddable":true,"href":"https:\/\/encuentroinformativo.com.mx\/index.php?rest_route=\/wp\/v2\/users\/1"}],"replies":[{"embeddable":true,"href":"https:\/\/encuentroinformativo.com.mx\/index.php?rest_route=%2Fwp%2Fv2%2Fcomments&post=17214"}],"version-history":[{"count":1,"href":"https:\/\/encuentroinformativo.com.mx\/index.php?rest_route=\/wp\/v2\/posts\/17214\/revisions"}],"predecessor-version":[{"id":17216,"href":"https:\/\/encuentroinformativo.com.mx\/index.php?rest_route=\/wp\/v2\/posts\/17214\/revisions\/17216"}],"wp:featuredmedia":[{"embeddable":true,"href":"https:\/\/encuentroinformativo.com.mx\/index.php?rest_route=\/wp\/v2\/media\/17215"}],"wp:attachment":[{"href":"https:\/\/encuentroinformativo.com.mx\/index.php?rest_route=%2Fwp%2Fv2%2Fmedia&parent=17214"}],"wp:term":[{"taxonomy":"category","embeddable":true,"href":"https:\/\/encuentroinformativo.com.mx\/index.php?rest_route=%2Fwp%2Fv2%2Fcategories&post=17214"},{"taxonomy":"post_tag","embeddable":true,"href":"https:\/\/encuentroinformativo.com.mx\/index.php?rest_route=%2Fwp%2Fv2%2Ftags&post=17214"}],"curies":[{"name":"wp","href":"https:\/\/api.w.org\/{rel}","templated":true}]}}