{"id":17221,"date":"2021-08-09T12:31:14","date_gmt":"2021-08-09T17:31:14","guid":{"rendered":"https:\/\/encuentroinformativo.com.mx\/?p=17221"},"modified":"2021-08-09T12:31:18","modified_gmt":"2021-08-09T17:31:18","slug":"mas-de-2-mil-docentes-se-quedarian-sin-espacio-laboral","status":"publish","type":"post","link":"https:\/\/encuentroinformativo.com.mx\/?p=17221","title":{"rendered":"M\u00e1s de 2 mil docentes se quedar\u00edan sin espacio laboral"},"content":{"rendered":"\n<p><strong>Juan Arcos<\/strong><\/p>\n\n\n\n<p>Xalapa, Ver.- M\u00e1s de 2 mil 100 egresados normalistas que acreditaron los ex\u00e1menes correspondientes est\u00e1n a la espera de la asignaci\u00f3n de su plaza docente, cuyo proceso concluye el pr\u00f3ximo 15 de agosto y podr\u00edan quedarse sin un espacio laboral.<\/p>\n\n\n\n<p>Por tal motivo, un grupo de ellos protest\u00f3 frente a Palacio de Gobierno y bloque\u00f3 la calle Juan de la Luz Enr\u00edquez, durante unos minutos, para exigir la asignaci\u00f3n de plazas en todos los niveles educativos.<\/p>\n\n\n\n<p>Se trata de profesores que egresaron como licenciados en preescolar, educaci\u00f3n b\u00e1sica, educaci\u00f3n especial y psicolog\u00eda educativa, quienes no han podido laborar por la falta de espacios ofertados.<\/p>\n\n\n\n<p>Los inconformes viajaron desde las distintas regiones del estado, como de Tuxpan, P\u00e1nuco, Las Choapas, Tierra Blanca, Tantoyuca, C\u00f3rdoba, Orizaba y Minatitl\u00e1n para manifestarse en el centro de la ciudad, a partir de los 8:30 horas.<\/p>\n\n\n\n<p>Cabe recordar que los quejosos protestaron el pasado viernes 6 de agosto en las oficinas centrales de la Secretar\u00eda de Educaci\u00f3n de Veracruz (SEV); sin embargo, no recibieron una respuesta favorable y decidieron alzar la voz tambi\u00e9n frente a Palacio de Gobierno, para que sean atendidas sus demandas.<\/p>\n\n\n\n<p>De acuerdo con Mayra Castillo, una de los afectados, en el proceso para la asignaci\u00f3n de plazas de educaci\u00f3n primaria participaron m\u00e1s de 3 mil docentes, pero solo 2 mil 100 aprobaron las evaluaciones.<\/p>\n\n\n\n<p>\u201cPero faltan los de preescolar, los de telesecundaria, todos los dem\u00e1s que no hemos obtenido una respuesta favorable\u201d, expres\u00f3.\u00a0<br>Record\u00f3 que las autoridades educativas han disminuido las vacantes, toda vez que\u00a0en educaci\u00f3n primaria solo se ofertaron 900 espacios este a\u00f1o, cuando anteriormente hab\u00eda disponibles por lo menos mil 500 o mil 600.<\/p>\n\n\n\n<p>Los docentes exigieron m\u00e1s espacios para puedan trabajar y que haya transparencia en el proceso de asignaci\u00f3n de plazas por parte de autoridades educativas.<\/p>\n","protected":false},"excerpt":{"rendered":"<p>Juan Arcos Xalapa, Ver.- M\u00e1s de 2 mil 100 egresados normalistas que acreditaron los ex\u00e1menes correspondientes est\u00e1n a la espera de la asignaci\u00f3n de su plaza docente, cuyo proceso concluye el pr\u00f3ximo 15 de agosto y podr\u00edan quedarse sin un espacio laboral. Por tal motivo, un grupo de ellos protest\u00f3 frente a Palacio de Gobierno [&hellip;]<\/p>\n","protected":false},"author":1,"featured_media":17222,"comment_status":"open","ping_status":"open","sticky":false,"template":"","format":"standard","meta":{"_jetpack_memberships_contains_paid_content":false,"footnotes":""},"categories":[2],"tags":[],"class_list":["post-17221","post","type-post","status-publish","format-standard","has-post-thumbnail","hentry","category-estado"],"jetpack_featured_media_url":"https:\/\/encuentroinformativo.com.mx\/wp-content\/uploads\/2021\/08\/85FB23B8-4EAB-4BCB-AA5D-C535ACF7387E.jpeg","jetpack_sharing_enabled":true,"jetpack_likes_enabled":true,"amp_enabled":true,"_links":{"self":[{"href":"https:\/\/encuentroinformativo.com.mx\/index.php?rest_route=\/wp\/v2\/posts\/17221","targetHints":{"allow":["GET"]}}],"collection":[{"href":"https:\/\/encuentroinformativo.com.mx\/index.php?rest_route=\/wp\/v2\/posts"}],"about":[{"href":"https:\/\/encuentroinformativo.com.mx\/index.php?rest_route=\/wp\/v2\/types\/post"}],"author":[{"embeddable":true,"href":"https:\/\/encuentroinformativo.com.mx\/index.php?rest_route=\/wp\/v2\/users\/1"}],"replies":[{"embeddable":true,"href":"https:\/\/encuentroinformativo.com.mx\/index.php?rest_route=%2Fwp%2Fv2%2Fcomments&post=17221"}],"version-history":[{"count":1,"href":"https:\/\/encuentroinformativo.com.mx\/index.php?rest_route=\/wp\/v2\/posts\/17221\/revisions"}],"predecessor-version":[{"id":17223,"href":"https:\/\/encuentroinformativo.com.mx\/index.php?rest_route=\/wp\/v2\/posts\/17221\/revisions\/17223"}],"wp:featuredmedia":[{"embeddable":true,"href":"https:\/\/encuentroinformativo.com.mx\/index.php?rest_route=\/wp\/v2\/media\/17222"}],"wp:attachment":[{"href":"https:\/\/encuentroinformativo.com.mx\/index.php?rest_route=%2Fwp%2Fv2%2Fmedia&parent=17221"}],"wp:term":[{"taxonomy":"category","embeddable":true,"href":"https:\/\/encuentroinformativo.com.mx\/index.php?rest_route=%2Fwp%2Fv2%2Fcategories&post=17221"},{"taxonomy":"post_tag","embeddable":true,"href":"https:\/\/encuentroinformativo.com.mx\/index.php?rest_route=%2Fwp%2Fv2%2Ftags&post=17221"}],"curies":[{"name":"wp","href":"https:\/\/api.w.org\/{rel}","templated":true}]}}