{"id":17224,"date":"2021-08-09T14:18:57","date_gmt":"2021-08-09T19:18:57","guid":{"rendered":"https:\/\/encuentroinformativo.com.mx\/?p=17224"},"modified":"2021-08-09T14:19:01","modified_gmt":"2021-08-09T19:19:01","slug":"alcalde-porteno-respalda-retorno-a-clases-presenciales","status":"publish","type":"post","link":"https:\/\/encuentroinformativo.com.mx\/?p=17224","title":{"rendered":"Alcalde porte\u00f1o respalda retorno a clases presenciales"},"content":{"rendered":"\n<p><strong>Alejandro \u00c1vila<\/strong><\/p>\n\n\n\n<p>Veracruz, Ver. \u2013 El alcalde de Veracruz, Fernando Yunes M\u00e1rquez, dijo estar de acuerdo en el regreso a clases presenciales, pues asegur\u00f3 es algo importante. Situaci\u00f3n aparte, es el refuerzo que tendr\u00eda que dar Gobierno Federal a la vacunaci\u00f3n de los maestros.<\/p>\n\n\n\n<p>De la misma manera, respald\u00f3 un poco al Zenyazen Escobar Garc\u00eda, pues declar\u00f3 que mucho tiene que ver en c\u00f3mo nos comportamos en el d\u00eda a d\u00eda.<\/p>\n\n\n\n<p>\u201cYo en eso coincido hasta cierto punto con el secretario de Educaci\u00f3n cuando dice, no quieren llevar a los ni\u00f1os a las escuelas, pero s\u00ed los llevan a una fiesta, s\u00ed los llevan a centros comerciales, si los llevan al parque. Como yo siempre lo digo, esto tiene que ser un tema de racionalidad, de c\u00f3mo nos vamos comportando\u201d, apunt\u00f3.<\/p>\n\n\n\n<p>El edil panista, critic\u00f3 un poco que M\u00e9xico sea uno de los pa\u00edses que a\u00fan no haya regresado a clases presenciales, pues relat\u00f3 que la educaci\u00f3n de los ni\u00f1os ha sido severamente afectada, sobre todo por las condiciones en que viven muchas familias.<\/p>\n\n\n\n<p>\u201cHay que decirlo tambi\u00e9n, uno o dos de los ni\u00f1os han tenido que perder el a\u00f1o pr\u00e1cticamente, porque en la casa hay una sola Tablet o una sola televisi\u00f3n y tienen a lo mejor, tres o cuatro hijos. La realidad es que muchas familias en esta situaci\u00f3n se han visto en la necesidad de tomar la decisi\u00f3n de que estudia uno o estudia el otro. Creo que s\u00ed es importante el regreso a clases, con precauciones y con todos los cuidados posibles\u201d, subray\u00f3.<\/p>\n\n\n\n<p>A pregunta expresa de que las condiciones en muchas escuelas del Estado no son las \u00f3ptimas tras el descuido por la pandemia, dijo que eso le corresponde totalmente al Gobierno del Estado.<\/p>\n\n\n\n<p>\u201cSi le pudieron invertir 80 millones a un estadio de b\u00e9isbol, le pueden invertir 200 a las escuelas porque es mucho m\u00e1s importante\u201d.<\/p>\n\n\n\n<p>Finalmente expuso que, pese a nuevo decreto de Gobierno del Estado que entra en vigencia a partir de este lunes 9 de agosto, en el municipio que preside no habr\u00e1 cierre de calles, bares o centros nocturnos, pues es decisi\u00f3n de cada persona si asiste o no, adem\u00e1s de que afecta a la econom\u00eda; aunque s\u00ed dijo que se reforzar\u00e1n los operativos de vigilancia en dichos establecimientos.<\/p>\n","protected":false},"excerpt":{"rendered":"<p>Alejandro \u00c1vila Veracruz, Ver. \u2013 El alcalde de Veracruz, Fernando Yunes M\u00e1rquez, dijo estar de acuerdo en el regreso a clases presenciales, pues asegur\u00f3 es algo importante. Situaci\u00f3n aparte, es el refuerzo que tendr\u00eda que dar Gobierno Federal a la vacunaci\u00f3n de los maestros. De la misma manera, respald\u00f3 un poco al Zenyazen Escobar Garc\u00eda, [&hellip;]<\/p>\n","protected":false},"author":1,"featured_media":17225,"comment_status":"open","ping_status":"open","sticky":false,"template":"","format":"standard","meta":{"_jetpack_memberships_contains_paid_content":false,"footnotes":""},"categories":[2],"tags":[],"class_list":["post-17224","post","type-post","status-publish","format-standard","has-post-thumbnail","hentry","category-estado"],"jetpack_featured_media_url":"https:\/\/encuentroinformativo.com.mx\/wp-content\/uploads\/2021\/08\/2E2C1021-38C5-4C0A-882D-C9C6C036275B.jpeg","jetpack_sharing_enabled":true,"jetpack_likes_enabled":true,"amp_enabled":true,"_links":{"self":[{"href":"https:\/\/encuentroinformativo.com.mx\/index.php?rest_route=\/wp\/v2\/posts\/17224","targetHints":{"allow":["GET"]}}],"collection":[{"href":"https:\/\/encuentroinformativo.com.mx\/index.php?rest_route=\/wp\/v2\/posts"}],"about":[{"href":"https:\/\/encuentroinformativo.com.mx\/index.php?rest_route=\/wp\/v2\/types\/post"}],"author":[{"embeddable":true,"href":"https:\/\/encuentroinformativo.com.mx\/index.php?rest_route=\/wp\/v2\/users\/1"}],"replies":[{"embeddable":true,"href":"https:\/\/encuentroinformativo.com.mx\/index.php?rest_route=%2Fwp%2Fv2%2Fcomments&post=17224"}],"version-history":[{"count":1,"href":"https:\/\/encuentroinformativo.com.mx\/index.php?rest_route=\/wp\/v2\/posts\/17224\/revisions"}],"predecessor-version":[{"id":17226,"href":"https:\/\/encuentroinformativo.com.mx\/index.php?rest_route=\/wp\/v2\/posts\/17224\/revisions\/17226"}],"wp:featuredmedia":[{"embeddable":true,"href":"https:\/\/encuentroinformativo.com.mx\/index.php?rest_route=\/wp\/v2\/media\/17225"}],"wp:attachment":[{"href":"https:\/\/encuentroinformativo.com.mx\/index.php?rest_route=%2Fwp%2Fv2%2Fmedia&parent=17224"}],"wp:term":[{"taxonomy":"category","embeddable":true,"href":"https:\/\/encuentroinformativo.com.mx\/index.php?rest_route=%2Fwp%2Fv2%2Fcategories&post=17224"},{"taxonomy":"post_tag","embeddable":true,"href":"https:\/\/encuentroinformativo.com.mx\/index.php?rest_route=%2Fwp%2Fv2%2Ftags&post=17224"}],"curies":[{"name":"wp","href":"https:\/\/api.w.org\/{rel}","templated":true}]}}