{"id":17227,"date":"2021-08-09T14:29:28","date_gmt":"2021-08-09T19:29:28","guid":{"rendered":"https:\/\/encuentroinformativo.com.mx\/?p=17227"},"modified":"2021-08-09T14:29:32","modified_gmt":"2021-08-09T19:29:32","slug":"por-covid-se-restringira-acceso-a-zonas-centricas","status":"publish","type":"post","link":"https:\/\/encuentroinformativo.com.mx\/?p=17227","title":{"rendered":"Por Covid, se restringir\u00e1 acceso a zonas c\u00e9ntricas"},"content":{"rendered":"\n<p><strong>Dar\u00edo Pale <\/strong><\/p>\n\n\n\n<p>Xalapa, Ver.- Pese a que el estado se mantiene en el color naranja del sem\u00e1foro epidemiol\u00f3gico, contin\u00faa subiendo la positividad del virus as\u00ed lo inform\u00f3 el gobernador de Veracruz, Cuitl\u00e1huac Garc\u00eda Jim\u00e9nez.<\/p>\n\n\n\n<p>En conferencia de prensa realizada en la sala de Banderas de palacio de gobierno se\u00f1al\u00f3 que mientras que en el reporte anterior el estado se encontraba en los 24 puntos de la tasa, hoy ha subido hasta los 27, debido a que de los casos sospechosos, un mayor porcentaje resultaron positivos.<\/p>\n\n\n\n<p>Por lo anterior es que se ha emitido un nuevo decreto que busca apretar las medidas sanitarias preventivas para evitar que contin\u00fae creciendo y pueda incluso llegar al sem\u00e1foro rojo, con riesgo m\u00e1ximo y que las medidas m\u00e1s severas se deber\u00e1n aplicar en 131 municipios,mismos que corresponden a las grandes ciudades y las circunvecinas de estas.<\/p>\n\n\n\n<p>Adem\u00e1s de que se va a limitar el paso a las zonas c\u00e9ntricas de cada ciudad, esto a trav\u00e9s del transporte p\u00fablico. Aunque reiter\u00f3 que no se har\u00e1 el cierre de las vialidades, como anteriormente se hizo y record\u00f3 que las fiestas patronales y las fiestas populares quedar\u00e1n totalmente suspendidas, as\u00ed como los eventos en donde no se pueda regular el aforo.<\/p>\n\n\n\n<p>Sobre los bares y centros nocturnos, billares y otros similares, notific\u00f3 que se quedar\u00e1n apegados al plan federal, con un 30 por ciento de aforo permitido.<\/p>\n\n\n\n<p>Por otro lado, sobre las actividades de las dependencias estatales, se\u00f1al\u00f3 que del 7 de agosto al domingo 15 en dependencias del estado se debe reducir los eventos con asistencia de audiencia y actividades que pongan en riesgo de contagios, exceptuando a la oficina del Gobernador, Secretar\u00eda de Gobierno, Sefiplan, Salud, Protecci\u00f3n Civil y la Secretar\u00eda de Seguridad P\u00fablica.<\/p>\n","protected":false},"excerpt":{"rendered":"<p>Dar\u00edo Pale Xalapa, Ver.- Pese a que el estado se mantiene en el color naranja del sem\u00e1foro epidemiol\u00f3gico, contin\u00faa subiendo la positividad del virus as\u00ed lo inform\u00f3 el gobernador de Veracruz, Cuitl\u00e1huac Garc\u00eda Jim\u00e9nez. En conferencia de prensa realizada en la sala de Banderas de palacio de gobierno se\u00f1al\u00f3 que mientras que en el reporte [&hellip;]<\/p>\n","protected":false},"author":1,"featured_media":10145,"comment_status":"open","ping_status":"open","sticky":false,"template":"","format":"standard","meta":{"_jetpack_memberships_contains_paid_content":false,"footnotes":""},"categories":[9],"tags":[],"class_list":["post-17227","post","type-post","status-publish","format-standard","has-post-thumbnail","hentry","category-salud"],"jetpack_featured_media_url":"https:\/\/encuentroinformativo.com.mx\/wp-content\/uploads\/2021\/01\/447A837F-9B85-4918-BD3B-BA32995D6609.jpeg","jetpack_sharing_enabled":true,"jetpack_likes_enabled":true,"amp_enabled":true,"_links":{"self":[{"href":"https:\/\/encuentroinformativo.com.mx\/index.php?rest_route=\/wp\/v2\/posts\/17227","targetHints":{"allow":["GET"]}}],"collection":[{"href":"https:\/\/encuentroinformativo.com.mx\/index.php?rest_route=\/wp\/v2\/posts"}],"about":[{"href":"https:\/\/encuentroinformativo.com.mx\/index.php?rest_route=\/wp\/v2\/types\/post"}],"author":[{"embeddable":true,"href":"https:\/\/encuentroinformativo.com.mx\/index.php?rest_route=\/wp\/v2\/users\/1"}],"replies":[{"embeddable":true,"href":"https:\/\/encuentroinformativo.com.mx\/index.php?rest_route=%2Fwp%2Fv2%2Fcomments&post=17227"}],"version-history":[{"count":1,"href":"https:\/\/encuentroinformativo.com.mx\/index.php?rest_route=\/wp\/v2\/posts\/17227\/revisions"}],"predecessor-version":[{"id":17228,"href":"https:\/\/encuentroinformativo.com.mx\/index.php?rest_route=\/wp\/v2\/posts\/17227\/revisions\/17228"}],"wp:featuredmedia":[{"embeddable":true,"href":"https:\/\/encuentroinformativo.com.mx\/index.php?rest_route=\/wp\/v2\/media\/10145"}],"wp:attachment":[{"href":"https:\/\/encuentroinformativo.com.mx\/index.php?rest_route=%2Fwp%2Fv2%2Fmedia&parent=17227"}],"wp:term":[{"taxonomy":"category","embeddable":true,"href":"https:\/\/encuentroinformativo.com.mx\/index.php?rest_route=%2Fwp%2Fv2%2Fcategories&post=17227"},{"taxonomy":"post_tag","embeddable":true,"href":"https:\/\/encuentroinformativo.com.mx\/index.php?rest_route=%2Fwp%2Fv2%2Ftags&post=17227"}],"curies":[{"name":"wp","href":"https:\/\/api.w.org\/{rel}","templated":true}]}}