{"id":17229,"date":"2021-08-09T14:44:12","date_gmt":"2021-08-09T19:44:12","guid":{"rendered":"https:\/\/encuentroinformativo.com.mx\/?p=17229"},"modified":"2021-08-09T14:44:16","modified_gmt":"2021-08-09T19:44:16","slug":"caso-de-costarricense-no-fue-desaparicion-afirma-gobernador","status":"publish","type":"post","link":"https:\/\/encuentroinformativo.com.mx\/?p=17229","title":{"rendered":"Caso de costarricense; no fue desaparici\u00f3n, afirma Gobernador"},"content":{"rendered":"\n<p><strong>Dar\u00edo Pale <\/strong><\/p>\n\n\n\n<p>Xalapa, Ver.- El gobernador de estado Cuitl\u00e1huac Garc\u00eda Jim\u00e9nez dio a conocer que no hubo desaparici\u00f3n forzada en el caso del joven costarricense en Coatepec, al igual que las dem\u00e1s personas que fueron detenidas el pasado viernes en el municipio vecino.<\/p>\n\n\n\n<p>En conferencia de prensa realizada en la sala de Banderas de Palacio de Gobierno, dio a conocer se respetar\u00e1 la presunci\u00f3n de inocencia de ese y los otros j\u00f3venes que fueron detenidos y presentados apenas el pasado domingo ante la Fiscal\u00eda General del Estado (FGE).<\/p>\n\n\n\n<p>\u201cNo hay desaparici\u00f3n forzada, se est\u00e1 investigando el suceso, vamos a recibir las denuncias, habl\u00e9 con la Fiscal, se va a investigar a quienes intentaron privar de la libertad a \u00e9l y otras personas. No puedo decir por fortuna, pero s\u00ed se logr\u00f3 que apareciera, pero fue en otro operativo, en otras circunstancias, tenemos que actuar apegados a derecho\u201d, inform\u00f3.<\/p>\n\n\n\n<p>Explic\u00f3 que tienen el reporte de que llamaron a los n\u00fameros de emergencia de la Secretar\u00eda de Seguridad P\u00fablica (SSP) para alertar sobre disparos en la calle An\u00e1huac, en Coatepec, por lo que acudi\u00f3 la Fuerza Civil, pero posterior al hecho.<\/p>\n\n\n\n<p>\u201cTenemos un reporte de disparos que se dieron y que s\u00ed en efecto lleg\u00f3 Fuerza Civil posterior al hecho, llegaron porque hubo una llamada de auxilio y el operativo en ese momento inicia\u201d, se\u00f1al\u00f3.<\/p>\n\n\n\n<p>Dijo que en el caso del municipio de Coatepec llevan mucho tiempo implementando un operativo para detener a presuntos delincuentes, ya que hay \u201crevanchismo\u201d entre grupos y \u201cse dan extorsiones y levantones entre grupos\u201d.<\/p>\n\n\n\n<p>\u201cSe levantan unos a otros y nosotros no los vamos a permitir, el \u00fanico que puede juzgar es un juez. Ning\u00fan grupo puede estar levantando a otros. En la zona de Coatepec detectamos bandas que quieren volver a retomar la actividad delictiva porque meses atr\u00e1s hicimos detenciones importantes de jefes de plaza ah\u00ed como que andaba vacante la plaza y hay grupitos que se est\u00e1n reorganizando, pero eso lo venimos haciendo de atr\u00e1s\u201d, coment\u00f3.<\/p>\n\n\n\n<p>Cabe recordar que los familiares de Herrera V\u00edquez denunciaron su desaparici\u00f3n este s\u00e1bado pasado, luego de que elementos de la Fuerza Civil llevaran a cabo la detenci\u00f3n de otras personas que viv\u00edan un departamento abajo de donde se encontraba su oficina, posteriormente la Fiscal\u00eda General del Estado inform\u00f3 que fue presentado junto con otras seis personas.<\/p>\n\n\n\n<p>Garc\u00eda Jim\u00e9nez asegur\u00f3 que en todo momento las autoridades act\u00faan con la presunci\u00f3n de inocencia y \u00a0respeto a los derechos de las personas.<\/p>\n\n\n\n<p>Finalmente sostuvo que se va a investigar lo que haya sucedido, adem\u00e1s de que se activaron todos los protocolos, ya que eso es muy importante y marca una diferencia con respecto a administraciones anteriores, &#8220;nosotros indagamos de inmediato, sin protagonismos\u201d, presumi\u00f3.<\/p>\n","protected":false},"excerpt":{"rendered":"<p>Dar\u00edo Pale Xalapa, Ver.- El gobernador de estado Cuitl\u00e1huac Garc\u00eda Jim\u00e9nez dio a conocer que no hubo desaparici\u00f3n forzada en el caso del joven costarricense en Coatepec, al igual que las dem\u00e1s personas que fueron detenidas el pasado viernes en el municipio vecino. En conferencia de prensa realizada en la sala de Banderas de Palacio [&hellip;]<\/p>\n","protected":false},"author":1,"featured_media":17230,"comment_status":"open","ping_status":"open","sticky":false,"template":"","format":"standard","meta":{"_jetpack_memberships_contains_paid_content":false,"footnotes":""},"categories":[2],"tags":[],"class_list":["post-17229","post","type-post","status-publish","format-standard","has-post-thumbnail","hentry","category-estado"],"jetpack_featured_media_url":"https:\/\/encuentroinformativo.com.mx\/wp-content\/uploads\/2021\/08\/58DF16A5-A349-41B2-B2D1-2241C9E92E8A.jpeg","jetpack_sharing_enabled":true,"jetpack_likes_enabled":true,"amp_enabled":true,"_links":{"self":[{"href":"https:\/\/encuentroinformativo.com.mx\/index.php?rest_route=\/wp\/v2\/posts\/17229","targetHints":{"allow":["GET"]}}],"collection":[{"href":"https:\/\/encuentroinformativo.com.mx\/index.php?rest_route=\/wp\/v2\/posts"}],"about":[{"href":"https:\/\/encuentroinformativo.com.mx\/index.php?rest_route=\/wp\/v2\/types\/post"}],"author":[{"embeddable":true,"href":"https:\/\/encuentroinformativo.com.mx\/index.php?rest_route=\/wp\/v2\/users\/1"}],"replies":[{"embeddable":true,"href":"https:\/\/encuentroinformativo.com.mx\/index.php?rest_route=%2Fwp%2Fv2%2Fcomments&post=17229"}],"version-history":[{"count":1,"href":"https:\/\/encuentroinformativo.com.mx\/index.php?rest_route=\/wp\/v2\/posts\/17229\/revisions"}],"predecessor-version":[{"id":17231,"href":"https:\/\/encuentroinformativo.com.mx\/index.php?rest_route=\/wp\/v2\/posts\/17229\/revisions\/17231"}],"wp:featuredmedia":[{"embeddable":true,"href":"https:\/\/encuentroinformativo.com.mx\/index.php?rest_route=\/wp\/v2\/media\/17230"}],"wp:attachment":[{"href":"https:\/\/encuentroinformativo.com.mx\/index.php?rest_route=%2Fwp%2Fv2%2Fmedia&parent=17229"}],"wp:term":[{"taxonomy":"category","embeddable":true,"href":"https:\/\/encuentroinformativo.com.mx\/index.php?rest_route=%2Fwp%2Fv2%2Fcategories&post=17229"},{"taxonomy":"post_tag","embeddable":true,"href":"https:\/\/encuentroinformativo.com.mx\/index.php?rest_route=%2Fwp%2Fv2%2Ftags&post=17229"}],"curies":[{"name":"wp","href":"https:\/\/api.w.org\/{rel}","templated":true}]}}