{"id":17232,"date":"2021-08-09T15:38:38","date_gmt":"2021-08-09T20:38:38","guid":{"rendered":"https:\/\/encuentroinformativo.com.mx\/?p=17232"},"modified":"2021-08-09T15:38:42","modified_gmt":"2021-08-09T20:38:42","slug":"en-40-dias-concluiria-construccion-de-polemica-torre-en-veracruz","status":"publish","type":"post","link":"https:\/\/encuentroinformativo.com.mx\/?p=17232","title":{"rendered":"En 40 d\u00edas, concluir\u00eda construcci\u00f3n de pol\u00e9mica torre en Veracruz"},"content":{"rendered":"\n<p><strong>Alejandro \u00c1vila<\/strong><\/p>\n\n\n\n<p>Veracruz, Ver. \u2013 La pol\u00e9mica Torre Arista, conocida medi\u00e1ticamente como Torre Centro, quedar\u00e1 concluida en un m\u00e1ximo de 40 d\u00edas, confirm\u00f3 el director de Obra P\u00fablica del Ayuntamiento de Veracruz, Luis Rom\u00e1n Campa P\u00e9rez.<\/p>\n\n\n\n<p>El funcionario municipal aclar\u00f3 que, si bien al Ayuntamiento de Veracruz no le han informado sobre el regreso a los trabajos, pues no es su obligaci\u00f3n, tuvo el conocimiento que los due\u00f1os de la construcci\u00f3n obtuvieron un amparo con un Juez Federal, el cual determin\u00f3 que la obra pod\u00eda seguir construy\u00e9ndose.<\/p>\n\n\n\n<p>De la misma manera, coment\u00f3 que pudo conocer que se sostuvo una reuni\u00f3n con personal de la Secretar\u00eda de Protecci\u00f3n Civil del Estado de Veracruz, para mostrar el amparo y sobre todo, completar el dictamen faltante y por el cual fue suspendida la obra hace algunas semanas.<\/p>\n\n\n\n<p>&#8220;Ellos van a un 95 por ciento, est\u00e1n ya apunto de obtener su terminaci\u00f3n de obra, y yo creo que les debe faltar como 30 d\u00edas, 40 d\u00edas para poder terminar&#8221;, declar\u00f3.<\/p>\n\n\n\n<p>Campa P\u00e9rez, resalt\u00f3 que con Ayuntamiento de Veracruz nunca hubo ning\u00fan inconveniente, pues desde antes de que iniciara esta administraci\u00f3n ten\u00edan los permisos en regla, por lo que los tr\u00e1mites municipales solo se renovaron cada a\u00f1o.<br>Sobre el recorte en su altura, como propuso el presidente de la rep\u00fablica, Andr\u00e9s Manuel L\u00f3pez Obrador, dijo desconocer si se podr\u00eda llevar a cabo; una, porque la estructura est\u00e1 concluida, y dos, porque no existe un antecedente de que haya pasado algo similar.<\/p>\n\n\n\n<p>\u201cLa verdad no tengo idea porque no hay antecedentes de eso. Miren les voy a poner un ejemplo de eso, el Hotel Colonial tiene unos pisos de mas que hace veintitantos a\u00f1os se fueron a un juicio, a un pleito, y un Juez orden\u00f3 quitar dos pisos, ah\u00ed est\u00e1n los dos pisos\u201d, culmin\u00f3.<\/p>\n","protected":false},"excerpt":{"rendered":"<p>Alejandro \u00c1vila Veracruz, Ver. \u2013 La pol\u00e9mica Torre Arista, conocida medi\u00e1ticamente como Torre Centro, quedar\u00e1 concluida en un m\u00e1ximo de 40 d\u00edas, confirm\u00f3 el director de Obra P\u00fablica del Ayuntamiento de Veracruz, Luis Rom\u00e1n Campa P\u00e9rez. El funcionario municipal aclar\u00f3 que, si bien al Ayuntamiento de Veracruz no le han informado sobre el regreso a [&hellip;]<\/p>\n","protected":false},"author":1,"featured_media":17233,"comment_status":"open","ping_status":"open","sticky":false,"template":"","format":"standard","meta":{"_jetpack_memberships_contains_paid_content":false,"footnotes":""},"categories":[2],"tags":[],"class_list":["post-17232","post","type-post","status-publish","format-standard","has-post-thumbnail","hentry","category-estado"],"jetpack_featured_media_url":"https:\/\/encuentroinformativo.com.mx\/wp-content\/uploads\/2021\/08\/8645D948-114E-4CF7-9308-80806FA809E9.jpeg","jetpack_sharing_enabled":true,"jetpack_likes_enabled":true,"amp_enabled":true,"_links":{"self":[{"href":"https:\/\/encuentroinformativo.com.mx\/index.php?rest_route=\/wp\/v2\/posts\/17232","targetHints":{"allow":["GET"]}}],"collection":[{"href":"https:\/\/encuentroinformativo.com.mx\/index.php?rest_route=\/wp\/v2\/posts"}],"about":[{"href":"https:\/\/encuentroinformativo.com.mx\/index.php?rest_route=\/wp\/v2\/types\/post"}],"author":[{"embeddable":true,"href":"https:\/\/encuentroinformativo.com.mx\/index.php?rest_route=\/wp\/v2\/users\/1"}],"replies":[{"embeddable":true,"href":"https:\/\/encuentroinformativo.com.mx\/index.php?rest_route=%2Fwp%2Fv2%2Fcomments&post=17232"}],"version-history":[{"count":1,"href":"https:\/\/encuentroinformativo.com.mx\/index.php?rest_route=\/wp\/v2\/posts\/17232\/revisions"}],"predecessor-version":[{"id":17234,"href":"https:\/\/encuentroinformativo.com.mx\/index.php?rest_route=\/wp\/v2\/posts\/17232\/revisions\/17234"}],"wp:featuredmedia":[{"embeddable":true,"href":"https:\/\/encuentroinformativo.com.mx\/index.php?rest_route=\/wp\/v2\/media\/17233"}],"wp:attachment":[{"href":"https:\/\/encuentroinformativo.com.mx\/index.php?rest_route=%2Fwp%2Fv2%2Fmedia&parent=17232"}],"wp:term":[{"taxonomy":"category","embeddable":true,"href":"https:\/\/encuentroinformativo.com.mx\/index.php?rest_route=%2Fwp%2Fv2%2Fcategories&post=17232"},{"taxonomy":"post_tag","embeddable":true,"href":"https:\/\/encuentroinformativo.com.mx\/index.php?rest_route=%2Fwp%2Fv2%2Ftags&post=17232"}],"curies":[{"name":"wp","href":"https:\/\/api.w.org\/{rel}","templated":true}]}}