{"id":17238,"date":"2021-08-09T16:06:55","date_gmt":"2021-08-09T21:06:55","guid":{"rendered":"https:\/\/encuentroinformativo.com.mx\/?p=17238"},"modified":"2021-08-09T16:06:59","modified_gmt":"2021-08-09T21:06:59","slug":"junto-a-san-rafael-descansa-monsenor-hipolito-reyes","status":"publish","type":"post","link":"https:\/\/encuentroinformativo.com.mx\/?p=17238","title":{"rendered":"Junto a San Rafael, descansa Monse\u00f1or Hip\u00f3lito Reyes"},"content":{"rendered":"\n<p><strong>Juan Arcos<\/strong><\/p>\n\n\n\n<p>Xalapa, Ver.- Los restos del Arzobispo de Xalapa, Hip\u00f3lito Reyes Larios, reposan en la tumba que est\u00e1 ubicada en la capilla de San Rafael Gu\u00edzar Valencia, al interior de la Catedral Metropolitana.<\/p>\n\n\n\n<p>Durante la misa de exequias, el obispo auxiliar de la Arquidi\u00f3cesis de Xalapa, Jos\u00e9 Rafael Palma Capetillo, dio el \u00faltimo adi\u00f3s al Monse\u00f1or, quien muri\u00f3 a causa de una hemorragia interna y cumplir\u00eda 75 a\u00f1os el pr\u00f3ximo 13 de agosto.<\/p>\n\n\n\n<p>\u201cDesde aqu\u00ed te despedimos con cari\u00f1o y fervor, estamos seguros que Jes\u00fas te da la bienvenida en el cielo. Seguiremos el camino que t\u00fa has iniciado, tal como Dios lo disponga, gracias por tu entrega, tu servicio, tu paciencia, tu firmeza y tu amor, espero que alg\u00fan d\u00eda nos encontremos en el cielo\u201d, fueron algunas de sus palabras.<\/p>\n\n\n\n<p>Sobre el ata\u00fad de cedro fueron colocados el libro del evangelio, el b\u00e1culo del pastor, la mitra, el solideo y el ornamento, que es la casulla sacerdotal usada por el Arzobispo en cada celebraci\u00f3n eucar\u00edstica.<\/p>\n\n\n\n<p>El f\u00e9retro luc\u00eda rodeado de flores, un cirio pascual y decenas de feligreses con tristeza en el rostro, donde para algunos el llanto fue insostenible.<\/p>\n\n\n\n<p>Los creyentes hab\u00edan hecho una larga fila para ingresar al recinto religioso, misma que cruzaba toda la Plaza Sebasti\u00e1n Lerdo de Tejada y llegaba hasta la calle Doctor Rafael Lucio, en el Centro Hist\u00f3rico de Xalapa, la capital de Veracruz.<\/p>\n\n\n\n<p>El acceso fue controlado, debido a que la ciudad permanece en sem\u00e1foro epidemiol\u00f3gico color rojo, de riesgo m\u00e1ximo de contagios por SARS-COV-2 (COVID-19) y deb\u00eda respetarse un aforo del 25 por ciento.<\/p>\n\n\n\n<p>Elementos de la Secretar\u00eda de Seguridad P\u00fablica (SSP) se sumaron a dichas acciones para garantizar que los cat\u00f3licos acataran las instrucciones de las autoridades eclesi\u00e1sticas.<\/p>\n\n\n\n<p>Todos eran rociados con l\u00edquido desinfectante antes de entrar. Luego se checaba su temperatura corporal y se garantizaba la aplicaci\u00f3n de gel antibacterial.<\/p>\n\n\n\n<p>Las personas solo ingresaban a la iglesia, hacer un recorrido y una plegaria, para posteriormente salir del lugar y as\u00ed evitar aglomeraciones que pudiesen poner en riesgo a la poblaci\u00f3n.<\/p>\n\n\n\n<p>Tambi\u00e9n llegaron sus hermanos, sobrinos, funcionarios y exfuncionarios estatales, as\u00ed como l\u00edderes de organizaciones civiles, para despedirse de quien fue Arzobispo de Xalapa durante los \u00faltimos 14 a\u00f1os.<\/p>\n\n\n\n<p>Se observ\u00f3 al senador Ernesto P\u00e9rez Astorga; al director general de Asuntos Religiosos, Sergio Ulises Montes Guzm\u00e1n; al exsecretario de Salud, Juan Antonio Nemi Dib; y a otros funcionarios menores del gobierno estatal.<\/p>\n\n\n\n<p>La misa fue presidida por el Obispo Auxiliar Jos\u00e9 Rafael Palma Capetillo, quien estuvo acompa\u00f1ado de sacerdotes de Xalapa y de otras Di\u00f3cesis, como de Veracruz, Orizaba y Tuxpan.<\/p>\n\n\n\n<p>El ata\u00fad fue trasladado por los religiosos a la Capilla de San Rafael Gu\u00edzar Valencia, donde fue sepultado y despedido con aplausos cuando su tumba fue cerrada completamente.<\/p>\n\n\n\n<p><strong>DESIGNACI\u00d3N\u00a0<\/strong><br>De acuerdo con el vocero de la Arquidi\u00f3cesis de Xalapa, Jos\u00e9 Manuel Suazo Reyes, el Papa Francisco ser\u00e1 quien nombre al nuevo Arzobispo de Xalapa y no hay un plazo para ello.\u00a0<\/p>\n\n\n\n<p>Mientras tanto, el Consejo Episcopal se reunir\u00e1 para buscar y definir qui\u00e9n ser\u00e1 el nuevo administrador diocesano; sin embargo, no se descarta que sea el Obispo Auxiliar quien se desempe\u00f1e como tal.<\/p>\n\n\n\n<p>\u201cEl Obispo Auxiliar tambi\u00e9n tiene algunas funciones de pastoreo y \u00e9l podr\u00eda ser el administrador mientras se nombra al Arzobispo\u201d, enfatiz\u00f3.<\/p>\n\n\n\n<figure class=\"wp-block-image size-large\"><img loading=\"lazy\" decoding=\"async\" width=\"1024\" height=\"768\" src=\"https:\/\/encuentroinformativo.com.mx\/wp-content\/uploads\/2021\/08\/9C1066C1-A49D-4DD3-AB7C-A4FCBB40E90B-1024x768.jpeg\" alt=\"\" class=\"wp-image-17240\" srcset=\"https:\/\/encuentroinformativo.com.mx\/wp-content\/uploads\/2021\/08\/9C1066C1-A49D-4DD3-AB7C-A4FCBB40E90B-1024x768.jpeg 1024w, https:\/\/encuentroinformativo.com.mx\/wp-content\/uploads\/2021\/08\/9C1066C1-A49D-4DD3-AB7C-A4FCBB40E90B-300x225.jpeg 300w, https:\/\/encuentroinformativo.com.mx\/wp-content\/uploads\/2021\/08\/9C1066C1-A49D-4DD3-AB7C-A4FCBB40E90B-768x576.jpeg 768w, https:\/\/encuentroinformativo.com.mx\/wp-content\/uploads\/2021\/08\/9C1066C1-A49D-4DD3-AB7C-A4FCBB40E90B-1536x1152.jpeg 1536w, https:\/\/encuentroinformativo.com.mx\/wp-content\/uploads\/2021\/08\/9C1066C1-A49D-4DD3-AB7C-A4FCBB40E90B.jpeg 1600w\" sizes=\"auto, (max-width: 1024px) 100vw, 1024px\" \/><\/figure>\n","protected":false},"excerpt":{"rendered":"<p>Juan Arcos Xalapa, Ver.- Los restos del Arzobispo de Xalapa, Hip\u00f3lito Reyes Larios, reposan en la tumba que est\u00e1 ubicada en la capilla de San Rafael Gu\u00edzar Valencia, al interior de la Catedral Metropolitana. Durante la misa de exequias, el obispo auxiliar de la Arquidi\u00f3cesis de Xalapa, Jos\u00e9 Rafael Palma Capetillo, dio el \u00faltimo adi\u00f3s [&hellip;]<\/p>\n","protected":false},"author":1,"featured_media":17239,"comment_status":"open","ping_status":"open","sticky":false,"template":"","format":"standard","meta":{"_jetpack_memberships_contains_paid_content":false,"footnotes":""},"categories":[3],"tags":[],"class_list":["post-17238","post","type-post","status-publish","format-standard","has-post-thumbnail","hentry","category-xalapa"],"jetpack_featured_media_url":"https:\/\/encuentroinformativo.com.mx\/wp-content\/uploads\/2021\/08\/71FBBAD3-B2EE-4EEA-8298-7A82AEF33526.jpeg","jetpack_sharing_enabled":true,"jetpack_likes_enabled":true,"amp_enabled":true,"_links":{"self":[{"href":"https:\/\/encuentroinformativo.com.mx\/index.php?rest_route=\/wp\/v2\/posts\/17238","targetHints":{"allow":["GET"]}}],"collection":[{"href":"https:\/\/encuentroinformativo.com.mx\/index.php?rest_route=\/wp\/v2\/posts"}],"about":[{"href":"https:\/\/encuentroinformativo.com.mx\/index.php?rest_route=\/wp\/v2\/types\/post"}],"author":[{"embeddable":true,"href":"https:\/\/encuentroinformativo.com.mx\/index.php?rest_route=\/wp\/v2\/users\/1"}],"replies":[{"embeddable":true,"href":"https:\/\/encuentroinformativo.com.mx\/index.php?rest_route=%2Fwp%2Fv2%2Fcomments&post=17238"}],"version-history":[{"count":1,"href":"https:\/\/encuentroinformativo.com.mx\/index.php?rest_route=\/wp\/v2\/posts\/17238\/revisions"}],"predecessor-version":[{"id":17241,"href":"https:\/\/encuentroinformativo.com.mx\/index.php?rest_route=\/wp\/v2\/posts\/17238\/revisions\/17241"}],"wp:featuredmedia":[{"embeddable":true,"href":"https:\/\/encuentroinformativo.com.mx\/index.php?rest_route=\/wp\/v2\/media\/17239"}],"wp:attachment":[{"href":"https:\/\/encuentroinformativo.com.mx\/index.php?rest_route=%2Fwp%2Fv2%2Fmedia&parent=17238"}],"wp:term":[{"taxonomy":"category","embeddable":true,"href":"https:\/\/encuentroinformativo.com.mx\/index.php?rest_route=%2Fwp%2Fv2%2Fcategories&post=17238"},{"taxonomy":"post_tag","embeddable":true,"href":"https:\/\/encuentroinformativo.com.mx\/index.php?rest_route=%2Fwp%2Fv2%2Ftags&post=17238"}],"curies":[{"name":"wp","href":"https:\/\/api.w.org\/{rel}","templated":true}]}}