{"id":1724,"date":"2020-04-09T13:40:23","date_gmt":"2020-04-09T18:40:23","guid":{"rendered":"https:\/\/encuentroinformativo.com\/?p=1724"},"modified":"2020-04-09T13:40:25","modified_gmt":"2020-04-09T18:40:25","slug":"disminuyen-rutas-de-recoleccion-de-basura-por-contingencia","status":"publish","type":"post","link":"https:\/\/encuentroinformativo.com.mx\/?p=1724","title":{"rendered":"Disminuyen rutas de recolecci\u00f3n de basura por contingencia"},"content":{"rendered":"\n<p><strong>Juan Arcos <\/strong><\/p>\n\n\n\n<p>Xalapa, Ver.- Las rutas del servicio de recolecci\u00f3n de basura disminuyeron durante la contingencia sanitaria por coronavirus.<\/p>\n\n\n\n<p>As\u00ed lo revel\u00f3 el l\u00edder sindical de Limpia P\u00fablica, quien a\u00f1adi\u00f3 que dicha \u00e1rea municipal sufri\u00f3 un recorte de personal.<\/p>\n\n\n\n<p>Son 120 personas, que son adultos mayores o padecen enfermedades cr\u00f3nico degenerativas, quienes dejaron de trabajar por el riesgo a un contagio de coronavirus.<\/p>\n\n\n\n<p>\u201cRecortamos personal. Se fueron como 120 compa\u00f1eros y recortamos las rutas de recolecci\u00f3n y hemos pedido a la ciudan\u00eda que no saque sus residuos y tambi\u00e9n pedimos que la separenen dentro de sus casas\u201d.<\/p>\n\n\n\n<p>El entrevistado detall\u00f3 que cuando inicie la fase tres de la contingencia, Limpia P\u00fablica implementar\u00e1 guardias para brindar el servicio con 20 camiones recolectores en la ma\u00f1ana y diez en la noche.<\/p>\n\n\n\n<p>\u201cA las diez de la noche s\u00f3lo abarcan el Centro Hist\u00f3rico, que es el que se hace despu\u00e9s de las seis de la tarde y se hace con campana. Y los otros 20 se har\u00edan despu\u00e9s en las colonias de las periferias\u201d.<\/p>\n\n\n\n<p>Adem\u00e1s, asegur\u00f3 que el servicio contin\u00faa activo debido a que dicha actividad es esencial para la poblaci\u00f3n.<\/p>\n\n\n\n<p>Solo estar\u00e1n en servicio 250 trabajadores y 60 conductores de camiones recolectores de basura.<\/p>\n\n\n\n<p>Caballero de Jes\u00fas tambi\u00e9n pidi\u00f3 mejores condiciones para que los trabajadores puedan desempe\u00f1ar su funci\u00f3n durante la contingencia sanitaria.<\/p>\n\n\n\n<p><\/p>\n","protected":false},"excerpt":{"rendered":"<p>Juan Arcos Xalapa, Ver.- Las rutas del servicio de recolecci\u00f3n de basura disminuyeron durante la contingencia sanitaria por coronavirus. As\u00ed lo revel\u00f3 el l\u00edder sindical de Limpia P\u00fablica, quien a\u00f1adi\u00f3 que dicha \u00e1rea municipal sufri\u00f3 un recorte de personal. Son 120 personas, que son adultos mayores o padecen enfermedades cr\u00f3nico degenerativas, quienes dejaron de trabajar [&hellip;]<\/p>\n","protected":false},"author":1,"featured_media":1725,"comment_status":"open","ping_status":"open","sticky":false,"template":"","format":"standard","meta":{"_jetpack_memberships_contains_paid_content":false,"footnotes":""},"categories":[3],"tags":[],"class_list":["post-1724","post","type-post","status-publish","format-standard","has-post-thumbnail","hentry","category-xalapa"],"jetpack_featured_media_url":"https:\/\/encuentroinformativo.com.mx\/wp-content\/uploads\/2020\/04\/856E17DE-4ECD-4168-810B-2817514C2B10.jpeg","jetpack_sharing_enabled":true,"jetpack_likes_enabled":true,"amp_enabled":true,"_links":{"self":[{"href":"https:\/\/encuentroinformativo.com.mx\/index.php?rest_route=\/wp\/v2\/posts\/1724","targetHints":{"allow":["GET"]}}],"collection":[{"href":"https:\/\/encuentroinformativo.com.mx\/index.php?rest_route=\/wp\/v2\/posts"}],"about":[{"href":"https:\/\/encuentroinformativo.com.mx\/index.php?rest_route=\/wp\/v2\/types\/post"}],"author":[{"embeddable":true,"href":"https:\/\/encuentroinformativo.com.mx\/index.php?rest_route=\/wp\/v2\/users\/1"}],"replies":[{"embeddable":true,"href":"https:\/\/encuentroinformativo.com.mx\/index.php?rest_route=%2Fwp%2Fv2%2Fcomments&post=1724"}],"version-history":[{"count":1,"href":"https:\/\/encuentroinformativo.com.mx\/index.php?rest_route=\/wp\/v2\/posts\/1724\/revisions"}],"predecessor-version":[{"id":1726,"href":"https:\/\/encuentroinformativo.com.mx\/index.php?rest_route=\/wp\/v2\/posts\/1724\/revisions\/1726"}],"wp:featuredmedia":[{"embeddable":true,"href":"https:\/\/encuentroinformativo.com.mx\/index.php?rest_route=\/wp\/v2\/media\/1725"}],"wp:attachment":[{"href":"https:\/\/encuentroinformativo.com.mx\/index.php?rest_route=%2Fwp%2Fv2%2Fmedia&parent=1724"}],"wp:term":[{"taxonomy":"category","embeddable":true,"href":"https:\/\/encuentroinformativo.com.mx\/index.php?rest_route=%2Fwp%2Fv2%2Fcategories&post=1724"},{"taxonomy":"post_tag","embeddable":true,"href":"https:\/\/encuentroinformativo.com.mx\/index.php?rest_route=%2Fwp%2Fv2%2Ftags&post=1724"}],"curies":[{"name":"wp","href":"https:\/\/api.w.org\/{rel}","templated":true}]}}