{"id":17247,"date":"2021-08-10T10:58:14","date_gmt":"2021-08-10T15:58:14","guid":{"rendered":"https:\/\/encuentroinformativo.com.mx\/?p=17247"},"modified":"2021-08-10T10:58:18","modified_gmt":"2021-08-10T15:58:18","slug":"con-restricciones-de-movilidad-buscan-disminuir-aglomeraciones","status":"publish","type":"post","link":"https:\/\/encuentroinformativo.com.mx\/?p=17247","title":{"rendered":"Con restricciones de movilidad, buscan disminuir aglomeraciones"},"content":{"rendered":"\n<p><strong>Juan Arcos<\/strong><\/p>\n\n\n\n<p>Xalapa, Ver.- En el estado de Veracruz entr\u00f3 en vigor un nuevo decreto emitido por el gobernador Cuitl\u00e1huac Garc\u00eda Jim\u00e9nez que establece la primera semana de medidas extraordinarias contra la tercera ola por SARS-COV-2 (COVID-19), del 10 al 16 de agosto.\u00a0<\/p>\n\n\n\n<p>La ma\u00f1ana de este martes 10 de agosto fueron aplicadas medidas restrictivas a la movilidad en la ciudad de Xalapa, para evitar aglomeraciones y as\u00ed la propagaci\u00f3n de la enfermedad.<\/p>\n\n\n\n<p>Personal de la Secretar\u00eda de Seguridad P\u00fablica (SSP) coloc\u00f3 barricadas sobre las calles del primer cuadro de la capital Veracruzana, como en Xalape\u00f1os Ilustres, Guti\u00e9rrez Zamora, Doctor Rafael Lucio y Primo Verdad, pero tambi\u00e9n en la zona de Las Trancas que divide a Xalapa con el municipio de Emiliano Zapata.<\/p>\n\n\n\n<p>Los cierres parciales a la vialidad deb\u00edan replicarse en los 131 municipios que se encuentran en sem\u00e1foro epidemiol\u00f3gico color rojo, de riesgo m\u00e1ximo de contagio, como Veracruz, Boca del R\u00edo, Coatepec, Orizaba, Coatzacoalcos, Poza Rica yPapantla.<\/p>\n\n\n\n<p>En la capital del estado, la movilidad ser\u00eda limitada en un horario de 7:00 a 18:00 horas, situaci\u00f3n que caus\u00f3 molestia en algunos conductores.\u00a0<\/p>\n\n\n\n<p>El decreto fue publicado en la Gaceta Oficial del Estado de Veracruz, donde se exhorta a los alcaldes, de los municipios antes mencionados, a asumir e implementar las medidas del presente Decreto bajo los siguientes lineamientos, en coordinaci\u00f3n con la Secretar\u00eda de Protecci\u00f3n Civil del Estado (PC) y la autoridad sanitaria jurisdiccional.<\/p>\n\n\n\n<p>En ese sentido, se les ha solicitado permitir el acceso parcial y limitado hacia zonas c\u00e9ntricas para evitar aglomeraciones, regulando el acceso al transporte privado y autorizando la circulaci\u00f3n al transporte p\u00fablico que cumpla con las medidas sanitaria.<\/p>\n\n\n\n<p>Recientemente, el mandatario estatal tambi\u00e9n inform\u00f3 que quedaron suspendidas las fiestas patronales y eventos populares que provoquen el incumplimiento de las medidas sanitarias como la sana distancia, as\u00ed tambi\u00e9n aquellos eventos con asistencia masiva de personas con asientos disponibles, deber\u00e1n estrictamente limitarse con un m\u00e1ximo de ocupaci\u00f3n del 25 por ciento del aforo m\u00e1ximo cuando el sem\u00e1foro municipal est\u00e9 en rojo, y de 50 por ciento cuando est\u00e9 en naranja.<\/p>\n\n\n\n<p>Cuando no hayan medidas para controlar aforos deber\u00e1n suspenderlos.<\/p>\n\n\n\n<p>El decreto tambi\u00e9n establece la necesidad de regular el control sanitario en bares, centros nocturnos, y de entretenimiento (como salones de fiestas y eventos) para no sobrepasar el aforo al 30 por ciento de su capacidad en ning\u00fan caso, suspendiendo aquellos que incumplan con las medidas de sana distancia y uso racional de cubrebocas.<\/p>\n","protected":false},"excerpt":{"rendered":"<p>Juan Arcos Xalapa, Ver.- En el estado de Veracruz entr\u00f3 en vigor un nuevo decreto emitido por el gobernador Cuitl\u00e1huac Garc\u00eda Jim\u00e9nez que establece la primera semana de medidas extraordinarias contra la tercera ola por SARS-COV-2 (COVID-19), del 10 al 16 de agosto.\u00a0 La ma\u00f1ana de este martes 10 de agosto fueron aplicadas medidas restrictivas [&hellip;]<\/p>\n","protected":false},"author":1,"featured_media":17248,"comment_status":"open","ping_status":"open","sticky":false,"template":"","format":"standard","meta":{"_jetpack_memberships_contains_paid_content":false,"footnotes":""},"categories":[8],"tags":[],"class_list":["post-17247","post","type-post","status-publish","format-standard","has-post-thumbnail","hentry","category-region"],"jetpack_featured_media_url":"https:\/\/encuentroinformativo.com.mx\/wp-content\/uploads\/2021\/08\/0BDFECB1-4BBB-42D0-A11F-289EA4FADD91.jpeg","jetpack_sharing_enabled":true,"jetpack_likes_enabled":true,"amp_enabled":true,"_links":{"self":[{"href":"https:\/\/encuentroinformativo.com.mx\/index.php?rest_route=\/wp\/v2\/posts\/17247","targetHints":{"allow":["GET"]}}],"collection":[{"href":"https:\/\/encuentroinformativo.com.mx\/index.php?rest_route=\/wp\/v2\/posts"}],"about":[{"href":"https:\/\/encuentroinformativo.com.mx\/index.php?rest_route=\/wp\/v2\/types\/post"}],"author":[{"embeddable":true,"href":"https:\/\/encuentroinformativo.com.mx\/index.php?rest_route=\/wp\/v2\/users\/1"}],"replies":[{"embeddable":true,"href":"https:\/\/encuentroinformativo.com.mx\/index.php?rest_route=%2Fwp%2Fv2%2Fcomments&post=17247"}],"version-history":[{"count":1,"href":"https:\/\/encuentroinformativo.com.mx\/index.php?rest_route=\/wp\/v2\/posts\/17247\/revisions"}],"predecessor-version":[{"id":17249,"href":"https:\/\/encuentroinformativo.com.mx\/index.php?rest_route=\/wp\/v2\/posts\/17247\/revisions\/17249"}],"wp:featuredmedia":[{"embeddable":true,"href":"https:\/\/encuentroinformativo.com.mx\/index.php?rest_route=\/wp\/v2\/media\/17248"}],"wp:attachment":[{"href":"https:\/\/encuentroinformativo.com.mx\/index.php?rest_route=%2Fwp%2Fv2%2Fmedia&parent=17247"}],"wp:term":[{"taxonomy":"category","embeddable":true,"href":"https:\/\/encuentroinformativo.com.mx\/index.php?rest_route=%2Fwp%2Fv2%2Fcategories&post=17247"},{"taxonomy":"post_tag","embeddable":true,"href":"https:\/\/encuentroinformativo.com.mx\/index.php?rest_route=%2Fwp%2Fv2%2Ftags&post=17247"}],"curies":[{"name":"wp","href":"https:\/\/api.w.org\/{rel}","templated":true}]}}