{"id":17250,"date":"2021-08-10T12:40:06","date_gmt":"2021-08-10T17:40:06","guid":{"rendered":"https:\/\/encuentroinformativo.com.mx\/?p=17250"},"modified":"2021-08-10T12:40:11","modified_gmt":"2021-08-10T17:40:11","slug":"docentes-y-adultos-mayores-preferirian-recibir-su-segunda-dosis-de-cansino","status":"publish","type":"post","link":"https:\/\/encuentroinformativo.com.mx\/?p=17250","title":{"rendered":"Docentes y adultos mayores preferir\u00edan recibir su segunda dosis de CanSino"},"content":{"rendered":"\n<p><strong>Redacci\u00f3n<\/strong><\/p>\n\n\n\n<p>Xalapa, Ver.- Aunque el gobernador del estado Cuitl\u00e1huac Garc\u00eda Jim\u00e9nez advirti\u00f3 que no se contempla aplicar una segunda dosis a los veracruzanos que recibieron su vacuna anti Covid de CanSino, tanto docentes como adultos mayores de 60 a\u00f1os que recibieron esa vacuna preferir\u00edan recibir su segunda dosis.<\/p>\n\n\n\n<p>Y es que despu\u00e9s de que la propia farmac\u00e9utica reconociera que para mayor efectividad lo recomendable ser\u00eda aplicar una segunda dosis, docentes se pronunciaron a favor de esa medida sobre todo ante el inminente regreso a clases presenciales que implementar\u00e1n las autoridades.<\/p>\n\n\n\n<p>Motivo por el cual docentes de la capital del estado, as\u00ed como de la regi\u00f3n de Tuxpan donde en la macro sede que se ubic\u00f3 en ese municipio tambi\u00e9n fueron vacunados con CanSino se\u00f1alaron que se sentir\u00edan m\u00e1s seguros con una segunda dosis.<\/p>\n\n\n\n<p>\u201cAl principio son\u00f3 muy bien que se trat\u00f3 de una dosis \u00fanica para tener la vacuna contra el Covid, pero ahora lo que genera es incertidumbre sobre si realmente estamos protegidos o no, y m\u00e1s ahora que las autoridades buscan que retornemos a clases presenciales. Soy maestra de primaria y creo que no estamos preparados para las clases en las aulas nuevamente, con esta situaci\u00f3n solo aumenta la inseguridad, la incertidumbre y el miedo de contagiar a los ni\u00f1os y a tu familia\u201d, afirm\u00f3 la maestra Ana quien recibi\u00f3 la vacuna CanSino en la macro sede de Tuxpan instalada hace algunos meses.<\/p>\n\n\n\n<p>Del mismo modo, la maestra Mariana quien brinda clases de preescolar en Xalapa lament\u00f3 que a las autoridades no les interese reforzar la vacunaci\u00f3n de CanSino que muchos maestros recibieron en la capital del estado por el desabasto de vacunas.<\/p>\n\n\n\n<p>\u201cYo recib\u00ed CanSino porque fue el d\u00eda que se les agotaron las vacunas que ten\u00edan de otras marcas y nosotros ya ten\u00edamos horas haciendo fila en la USBI as\u00ed que para no dejarnos ir sin vacunarnos finalmente nos aplicaron la CanSino y ahora resulta que aunque lo ideal es una segunda dosis las autoridades dicen que son caras y no se necesita. Nos quieren regresar a las clases presenciales poniendo en riesgo nuestra salud y la de los ni\u00f1os\u201d, enfatiz\u00f3.<\/p>\n\n\n\n<p>Y es que adem\u00e1s de la poblaci\u00f3n docente que recibi\u00f3 la vacuna CanSino en sedes como Xalapa y Tuxpan, tambi\u00e9n un amplio sector de la poblaci\u00f3n de adultos mayores de 60 a\u00f1os fueron vacunados con este marca en municipios aleda\u00f1os a la regi\u00f3n de Cardel y \u00darsulo Galv\u00e1n.<\/p>\n\n\n\n<p>Cabe recordar que durante su conferencia de prensa de este lunes el gobernador Cuitl\u00e1huac Garc\u00eda descart\u00f3 aplicar una segunda dosis para quienes recibieron la CanSino y aunque \u00fanicamente hizo alusi\u00f3n al gremio magisterial, tambi\u00e9n hay municipios donde los adultos mayores fueron vacunados con ese mismo f\u00e1rmaco. <\/p>\n","protected":false},"excerpt":{"rendered":"<p>Redacci\u00f3n Xalapa, Ver.- Aunque el gobernador del estado Cuitl\u00e1huac Garc\u00eda Jim\u00e9nez advirti\u00f3 que no se contempla aplicar una segunda dosis a los veracruzanos que recibieron su vacuna anti Covid de CanSino, tanto docentes como adultos mayores de 60 a\u00f1os que recibieron esa vacuna preferir\u00edan recibir su segunda dosis. Y es que despu\u00e9s de que la [&hellip;]<\/p>\n","protected":false},"author":1,"featured_media":11930,"comment_status":"open","ping_status":"open","sticky":false,"template":"","format":"standard","meta":{"_jetpack_memberships_contains_paid_content":false,"footnotes":""},"categories":[9],"tags":[],"class_list":["post-17250","post","type-post","status-publish","format-standard","has-post-thumbnail","hentry","category-salud"],"jetpack_featured_media_url":"https:\/\/encuentroinformativo.com.mx\/wp-content\/uploads\/2021\/03\/0DC23CA5-B343-4DC1-AE1F-5C2AADEF94AD.jpeg","jetpack_sharing_enabled":true,"jetpack_likes_enabled":true,"amp_enabled":true,"_links":{"self":[{"href":"https:\/\/encuentroinformativo.com.mx\/index.php?rest_route=\/wp\/v2\/posts\/17250","targetHints":{"allow":["GET"]}}],"collection":[{"href":"https:\/\/encuentroinformativo.com.mx\/index.php?rest_route=\/wp\/v2\/posts"}],"about":[{"href":"https:\/\/encuentroinformativo.com.mx\/index.php?rest_route=\/wp\/v2\/types\/post"}],"author":[{"embeddable":true,"href":"https:\/\/encuentroinformativo.com.mx\/index.php?rest_route=\/wp\/v2\/users\/1"}],"replies":[{"embeddable":true,"href":"https:\/\/encuentroinformativo.com.mx\/index.php?rest_route=%2Fwp%2Fv2%2Fcomments&post=17250"}],"version-history":[{"count":1,"href":"https:\/\/encuentroinformativo.com.mx\/index.php?rest_route=\/wp\/v2\/posts\/17250\/revisions"}],"predecessor-version":[{"id":17251,"href":"https:\/\/encuentroinformativo.com.mx\/index.php?rest_route=\/wp\/v2\/posts\/17250\/revisions\/17251"}],"wp:featuredmedia":[{"embeddable":true,"href":"https:\/\/encuentroinformativo.com.mx\/index.php?rest_route=\/wp\/v2\/media\/11930"}],"wp:attachment":[{"href":"https:\/\/encuentroinformativo.com.mx\/index.php?rest_route=%2Fwp%2Fv2%2Fmedia&parent=17250"}],"wp:term":[{"taxonomy":"category","embeddable":true,"href":"https:\/\/encuentroinformativo.com.mx\/index.php?rest_route=%2Fwp%2Fv2%2Fcategories&post=17250"},{"taxonomy":"post_tag","embeddable":true,"href":"https:\/\/encuentroinformativo.com.mx\/index.php?rest_route=%2Fwp%2Fv2%2Ftags&post=17250"}],"curies":[{"name":"wp","href":"https:\/\/api.w.org\/{rel}","templated":true}]}}