{"id":17255,"date":"2021-08-10T14:12:05","date_gmt":"2021-08-10T19:12:05","guid":{"rendered":"https:\/\/encuentroinformativo.com.mx\/?p=17255"},"modified":"2021-08-10T14:12:09","modified_gmt":"2021-08-10T19:12:09","slug":"vecinos-se-oponian-a-retiro-de-arboles-acusa-ayuntamiento","status":"publish","type":"post","link":"https:\/\/encuentroinformativo.com.mx\/?p=17255","title":{"rendered":"Vecinos se opon\u00edan a retiro de \u00e1rboles, acusa Ayuntamiento"},"content":{"rendered":"\n<p><strong>Juan Arcos<\/strong><\/p>\n\n\n\n<p>Xalapa, Ver.- La ca\u00edda de una parte de un \u00e1rbol Hule en la zona del parque Miguel Hidalgo, mejor conocido como Los Berros, ocasion\u00f3 da\u00f1os materiales y la suspensi\u00f3n temporal del servicio de energ\u00eda el\u00e9ctrica.<\/p>\n\n\n\n<p>Alrededor de las 7:00 horas, la rama del \u00e1rbol ficus el\u00e1stica golpe\u00f3 un veh\u00edculo que estaba estacionado sobre la calle Cayetano Rodr\u00edguez esquina Diego Le\u00f1o y afect\u00f3 el cableado de la Comisi\u00f3n Federal de Electricidad (CFE) y de empresas de telecomunicaciones.<\/p>\n\n\n\n<p>La camioneta result\u00f3 con da\u00f1os en el toldo y el parabrisas. Tambi\u00e9n fueron derribados dos postes de luz y uno de la empresa Tel\u00e9fonos de M\u00e9xico (Telmex).&nbsp;<\/p>\n\n\n\n<p>\u201cDe manera natural se colapsa una rama de este \u00e1rbol que est\u00e1 aqu\u00ed en el parque Los Berros, justo junto al \u00e1rea de juegos infantiles. La rama, en proporci\u00f3n, representa cerca del 40 por ciento de la totalidad del \u00e1rbol\u201d.&nbsp;<\/p>\n\n\n\n<p>El jefe del Departamento de Biodiversidad y Cambio Clim\u00e1tico del ayuntamiento de Xalapa, Magdaleno Mendoza Hern\u00e1ndez, revel\u00f3 que el personal de esta \u00e1rea municipal trabaja en el retiro total de \u00e1rbol afectado y de un fresno que tambi\u00e9n presenta pudrici\u00f3n en su estructura.&nbsp;<\/p>\n\n\n\n<p>\u201cEs un parque hist\u00f3rico tiene alrededor de 140 a\u00f1os de haber sido fundado, la arboleda est\u00e1 considerada en el acuerdo de cabildo del 15 de enero de 2021 como una arboleda hist\u00f3rica\u201d, expres\u00f3.&nbsp;<\/p>\n\n\n\n<p>El entrevistado detall\u00f3 que los ejemplares representan un riesgo para la poblaci\u00f3n y por ello deben ser intervenidos lo antes posible.<\/p>\n\n\n\n<p>\u201cEn este momento representan un riesgo para la poblaci\u00f3n y hay una responsabilidad como funcionario para tomar estas decisiones y mitigar los riesgos\u201d.<\/p>\n\n\n\n<p>Record\u00f3 que el \u00e1rbol que se desvaneci\u00f3 la ma\u00f1ana de este martes de agosto hab\u00eda recibido mantenimiento; sin embargo,\u00a0vecinos de la zona se opusieron a su retiro correspondiente.<\/p>\n\n\n\n<p>\u201cHay una pudrici\u00f3n que est\u00e1 en la base, la base de los \u00e1rboles es el punto de anclaje que soporta la mayor carga mec\u00e1nica y el \u00e1rbol de junto tambi\u00e9n tiene que ser retirado por el mismo motivo\u201d.<\/p>\n\n\n\n<p>Trabajadores de CFE realizaron los trabajos para el restablecimiento del servicio en la zona, mientras el personal municipal laboraba en el retiro total de los \u00e1rboles mencionados.\u00a0<br><\/p>\n\n\n\n<figure class=\"wp-block-image size-large\"><img loading=\"lazy\" decoding=\"async\" width=\"1024\" height=\"768\" src=\"https:\/\/encuentroinformativo.com.mx\/wp-content\/uploads\/2021\/08\/09648B00-3282-4360-8D8E-097D31F5C5EE-1024x768.jpeg\" alt=\"\" class=\"wp-image-17257\" srcset=\"https:\/\/encuentroinformativo.com.mx\/wp-content\/uploads\/2021\/08\/09648B00-3282-4360-8D8E-097D31F5C5EE-1024x768.jpeg 1024w, https:\/\/encuentroinformativo.com.mx\/wp-content\/uploads\/2021\/08\/09648B00-3282-4360-8D8E-097D31F5C5EE-300x225.jpeg 300w, https:\/\/encuentroinformativo.com.mx\/wp-content\/uploads\/2021\/08\/09648B00-3282-4360-8D8E-097D31F5C5EE-768x576.jpeg 768w, https:\/\/encuentroinformativo.com.mx\/wp-content\/uploads\/2021\/08\/09648B00-3282-4360-8D8E-097D31F5C5EE-1536x1152.jpeg 1536w, https:\/\/encuentroinformativo.com.mx\/wp-content\/uploads\/2021\/08\/09648B00-3282-4360-8D8E-097D31F5C5EE.jpeg 2016w\" sizes=\"auto, (max-width: 1024px) 100vw, 1024px\" \/><\/figure>\n","protected":false},"excerpt":{"rendered":"<p>Juan Arcos Xalapa, Ver.- La ca\u00edda de una parte de un \u00e1rbol Hule en la zona del parque Miguel Hidalgo, mejor conocido como Los Berros, ocasion\u00f3 da\u00f1os materiales y la suspensi\u00f3n temporal del servicio de energ\u00eda el\u00e9ctrica. Alrededor de las 7:00 horas, la rama del \u00e1rbol ficus el\u00e1stica golpe\u00f3 un veh\u00edculo que estaba estacionado sobre [&hellip;]<\/p>\n","protected":false},"author":1,"featured_media":17256,"comment_status":"open","ping_status":"open","sticky":false,"template":"","format":"standard","meta":{"_jetpack_memberships_contains_paid_content":false,"footnotes":""},"categories":[3],"tags":[],"class_list":["post-17255","post","type-post","status-publish","format-standard","has-post-thumbnail","hentry","category-xalapa"],"jetpack_featured_media_url":"https:\/\/encuentroinformativo.com.mx\/wp-content\/uploads\/2021\/08\/BCD77147-896E-4CF3-886C-B7DA9D56B2B6.jpeg","jetpack_sharing_enabled":true,"jetpack_likes_enabled":true,"amp_enabled":true,"_links":{"self":[{"href":"https:\/\/encuentroinformativo.com.mx\/index.php?rest_route=\/wp\/v2\/posts\/17255","targetHints":{"allow":["GET"]}}],"collection":[{"href":"https:\/\/encuentroinformativo.com.mx\/index.php?rest_route=\/wp\/v2\/posts"}],"about":[{"href":"https:\/\/encuentroinformativo.com.mx\/index.php?rest_route=\/wp\/v2\/types\/post"}],"author":[{"embeddable":true,"href":"https:\/\/encuentroinformativo.com.mx\/index.php?rest_route=\/wp\/v2\/users\/1"}],"replies":[{"embeddable":true,"href":"https:\/\/encuentroinformativo.com.mx\/index.php?rest_route=%2Fwp%2Fv2%2Fcomments&post=17255"}],"version-history":[{"count":1,"href":"https:\/\/encuentroinformativo.com.mx\/index.php?rest_route=\/wp\/v2\/posts\/17255\/revisions"}],"predecessor-version":[{"id":17258,"href":"https:\/\/encuentroinformativo.com.mx\/index.php?rest_route=\/wp\/v2\/posts\/17255\/revisions\/17258"}],"wp:featuredmedia":[{"embeddable":true,"href":"https:\/\/encuentroinformativo.com.mx\/index.php?rest_route=\/wp\/v2\/media\/17256"}],"wp:attachment":[{"href":"https:\/\/encuentroinformativo.com.mx\/index.php?rest_route=%2Fwp%2Fv2%2Fmedia&parent=17255"}],"wp:term":[{"taxonomy":"category","embeddable":true,"href":"https:\/\/encuentroinformativo.com.mx\/index.php?rest_route=%2Fwp%2Fv2%2Fcategories&post=17255"},{"taxonomy":"post_tag","embeddable":true,"href":"https:\/\/encuentroinformativo.com.mx\/index.php?rest_route=%2Fwp%2Fv2%2Ftags&post=17255"}],"curies":[{"name":"wp","href":"https:\/\/api.w.org\/{rel}","templated":true}]}}