{"id":17263,"date":"2021-08-10T15:37:28","date_gmt":"2021-08-10T20:37:28","guid":{"rendered":"https:\/\/encuentroinformativo.com.mx\/?p=17263"},"modified":"2021-08-10T15:37:32","modified_gmt":"2021-08-10T20:37:32","slug":"cierre-de-vialidades-genera-bajas-ventas-senala-alcalde","status":"publish","type":"post","link":"https:\/\/encuentroinformativo.com.mx\/?p=17263","title":{"rendered":"Cierre de vialidades genera bajas ventas, se\u00f1ala Alcalde"},"content":{"rendered":"\n<p><strong>Alejandro \u00c1vila<\/strong><\/p>\n\n\n\n<p>Veracruz, Ver.- El cierre de vialidades en los centros hist\u00f3ricos o cabeceras municipales, donde se concentra, presuntamente, el mayor n\u00famero de movilidad urbana, es absurdo, acus\u00f3 el alcalde de Veracruz, Fernando Yunes M\u00e1rquez.<\/p>\n\n\n\n<p>El panista recalc\u00f3 que ni en esta o en otras ocasiones anteriores donde se han bloqueado calles por parte de los elementos de Transporte P\u00fablico, dependencia de Gobierno del Estado, ha estado de acuerdo, y todo porque no existe una prueba tangible, que \u00edndique as\u00ed se reducen los contagios de COVID-19; en cambio s\u00ed se reflejan n\u00fameros negativos en ventas comerciales.<\/p>\n\n\n\n<p>&#8220;Lo \u00fanico que trae como consecuencia es desempleo, baja en las ventas, no hay ninguna se\u00f1al, ning\u00fan dato duro que pueda comprobar que el hecho de cerrar calles disminuya los contagios, esto es completamente absurdo, ni aqu\u00ed ni en ning\u00fan otro lugar del mundo y no apoyamos esta propuesta&#8221;, resalt\u00f3.<\/p>\n\n\n\n<p>Este martes, como consecuencia del decreto gubernamental, personal de Tranporte P\u00fablico, cerr\u00f3 los accesos al Centro Hist\u00f3rico de Veracruz por las avenidas Allende y Zaragoza, al igual que por la calle Ray\u00f3n y Montesinos.<\/p>\n\n\n\n<p>En otro tema, este mismo martes se dio el banderazo de la rehabilitaci\u00f3n de la tercera etapa del drenaje sanitario en el mercado Malibran, con lo que se busca evitar las inundaciones en la zona y que bajen las ventas en el mercado m\u00e1s importante de la ciudad, logrando as\u00ed reducir focos de infecci\u00f3n entre locatarios y clientes.<\/p>\n","protected":false},"excerpt":{"rendered":"<p>Alejandro \u00c1vila Veracruz, Ver.- El cierre de vialidades en los centros hist\u00f3ricos o cabeceras municipales, donde se concentra, presuntamente, el mayor n\u00famero de movilidad urbana, es absurdo, acus\u00f3 el alcalde de Veracruz, Fernando Yunes M\u00e1rquez. El panista recalc\u00f3 que ni en esta o en otras ocasiones anteriores donde se han bloqueado calles por parte de [&hellip;]<\/p>\n","protected":false},"author":1,"featured_media":17264,"comment_status":"open","ping_status":"open","sticky":false,"template":"","format":"standard","meta":{"_jetpack_memberships_contains_paid_content":false,"footnotes":""},"categories":[2],"tags":[],"class_list":["post-17263","post","type-post","status-publish","format-standard","has-post-thumbnail","hentry","category-estado"],"jetpack_featured_media_url":"https:\/\/encuentroinformativo.com.mx\/wp-content\/uploads\/2021\/08\/F2C8955D-41C1-4FCA-A881-1DFD6AA11F4D.jpeg","jetpack_sharing_enabled":true,"jetpack_likes_enabled":true,"amp_enabled":true,"_links":{"self":[{"href":"https:\/\/encuentroinformativo.com.mx\/index.php?rest_route=\/wp\/v2\/posts\/17263","targetHints":{"allow":["GET"]}}],"collection":[{"href":"https:\/\/encuentroinformativo.com.mx\/index.php?rest_route=\/wp\/v2\/posts"}],"about":[{"href":"https:\/\/encuentroinformativo.com.mx\/index.php?rest_route=\/wp\/v2\/types\/post"}],"author":[{"embeddable":true,"href":"https:\/\/encuentroinformativo.com.mx\/index.php?rest_route=\/wp\/v2\/users\/1"}],"replies":[{"embeddable":true,"href":"https:\/\/encuentroinformativo.com.mx\/index.php?rest_route=%2Fwp%2Fv2%2Fcomments&post=17263"}],"version-history":[{"count":1,"href":"https:\/\/encuentroinformativo.com.mx\/index.php?rest_route=\/wp\/v2\/posts\/17263\/revisions"}],"predecessor-version":[{"id":17265,"href":"https:\/\/encuentroinformativo.com.mx\/index.php?rest_route=\/wp\/v2\/posts\/17263\/revisions\/17265"}],"wp:featuredmedia":[{"embeddable":true,"href":"https:\/\/encuentroinformativo.com.mx\/index.php?rest_route=\/wp\/v2\/media\/17264"}],"wp:attachment":[{"href":"https:\/\/encuentroinformativo.com.mx\/index.php?rest_route=%2Fwp%2Fv2%2Fmedia&parent=17263"}],"wp:term":[{"taxonomy":"category","embeddable":true,"href":"https:\/\/encuentroinformativo.com.mx\/index.php?rest_route=%2Fwp%2Fv2%2Fcategories&post=17263"},{"taxonomy":"post_tag","embeddable":true,"href":"https:\/\/encuentroinformativo.com.mx\/index.php?rest_route=%2Fwp%2Fv2%2Ftags&post=17263"}],"curies":[{"name":"wp","href":"https:\/\/api.w.org\/{rel}","templated":true}]}}