{"id":17269,"date":"2021-08-10T16:42:45","date_gmt":"2021-08-10T21:42:45","guid":{"rendered":"https:\/\/encuentroinformativo.com.mx\/?p=17269"},"modified":"2021-08-10T16:42:49","modified_gmt":"2021-08-10T21:42:49","slug":"por-pandemia-han-cerrado-mas-de-mil-negocios-en-xalapa","status":"publish","type":"post","link":"https:\/\/encuentroinformativo.com.mx\/?p=17269","title":{"rendered":"Por pandemia, han cerrado m\u00e1s de mil negocios en Xalapa"},"content":{"rendered":"\n<p><strong>Juan Arcos <\/strong><\/p>\n\n\n\n<p>Xalapa, Ver.- M\u00e1s de mil 500 negocios han cerrado sus puertas en el primer cuadro de la ciudad de Xalapa, en lo que va de la pandemia por SARS-COV-2 (COVID-19).<\/p>\n\n\n\n<p>As\u00ed lo dio a conocer Jos\u00e9 Rogelio Ib\u00e1\u00f1ez Espinoza, presidente de Activaci\u00f3n Empresarial para los Centros Hist\u00f3ricos de la Rep\u00fablica Mexicana, quien a\u00f1adi\u00f3 que se tiene ese registro sobre la quiebra de empresas hasta hace dos meses.<\/p>\n\n\n\n<p>\u201cAhorita la verdad ya no tenemos la cifra exacta porque lamentablemente el n\u00famero sigue subiendo\u201d, expres\u00f3 el entrevistado.<\/p>\n\n\n\n<p>El empresario detall\u00f3 que, en promedio, por cada establecimiento que cierra, se quedan sin empleo por lo menos cinco personas, lo que resulta alarmante pues se hablar\u00eda de m\u00e1s de 7 mil 500 despidos.<\/p>\n\n\n\n<p>\u201cSi de esas cinco personas, cada familia tiene seis elementos o cinco, pues es un mundo de gente que est\u00e1 sufriendo la econom\u00eda a trav\u00e9s de estos cierres y de esta situaci\u00f3n econ\u00f3mica tan lamentable, que mucho la ha propiciado la autoridad\u201d.<\/p>\n\n\n\n<p>De acuerdo con las cifras proporcionadas por Ib\u00e1\u00f1ez Espinoza, se estima que 37 mil 500 personas se han visto afectadas por el cierre de negocios en la capital del estado de Veracruz.<\/p>\n\n\n\n<p>Agreg\u00f3 que, debido al confinamiento y las medidas restrictivas implementadas por el gobierno, quebraron florer\u00edas, oficinas de consultores, boutiques, zapater\u00edas, joyer\u00edas y otros.<\/p>\n\n\n\n<p>Enfatiz\u00f3 que el problema fue notorio sobre la calle Guti\u00e9rrez Zamora, en las inmediaciones de la escuela primaria \u201cEnrique C. Rebsamen\u201d.<\/p>\n\n\n\n<p>\u201cM\u00ednimo hay cinco letreros que dicen: se renta, de negocios que ya estaban establecidos, inclusive de consultorios, esto es muy lamentable. La econom\u00eda de Xalapa se est\u00e1 muriendo y no es porque sea la pandemia nada m\u00e1s, sino por el bajo criterio de las autoridades al cerrar las calles\u201d.<\/p>\n\n\n\n<p>El Presidente de Activaci\u00f3n Empresarial para los Centros Hist\u00f3ricos de la Rep\u00fablica Mexicana se pronunci\u00f3 en contra del decreto gubernamental que instruye el cierre de calles en el centro hist\u00f3rico de las ciudades que se encuentran en sem\u00e1foro epidemiol\u00f3gico color rojo, de riesgo m\u00e1ximo de contagio.<\/p>\n","protected":false},"excerpt":{"rendered":"<p>Juan Arcos Xalapa, Ver.- M\u00e1s de mil 500 negocios han cerrado sus puertas en el primer cuadro de la ciudad de Xalapa, en lo que va de la pandemia por SARS-COV-2 (COVID-19). As\u00ed lo dio a conocer Jos\u00e9 Rogelio Ib\u00e1\u00f1ez Espinoza, presidente de Activaci\u00f3n Empresarial para los Centros Hist\u00f3ricos de la Rep\u00fablica Mexicana, quien a\u00f1adi\u00f3 [&hellip;]<\/p>\n","protected":false},"author":1,"featured_media":17270,"comment_status":"open","ping_status":"open","sticky":false,"template":"","format":"standard","meta":{"_jetpack_memberships_contains_paid_content":false,"footnotes":""},"categories":[3],"tags":[],"class_list":["post-17269","post","type-post","status-publish","format-standard","has-post-thumbnail","hentry","category-xalapa"],"jetpack_featured_media_url":"https:\/\/encuentroinformativo.com.mx\/wp-content\/uploads\/2021\/08\/BB9E359A-F1BA-43CE-ADB6-7963AB9B3CFB.jpeg","jetpack_sharing_enabled":true,"jetpack_likes_enabled":true,"amp_enabled":true,"_links":{"self":[{"href":"https:\/\/encuentroinformativo.com.mx\/index.php?rest_route=\/wp\/v2\/posts\/17269","targetHints":{"allow":["GET"]}}],"collection":[{"href":"https:\/\/encuentroinformativo.com.mx\/index.php?rest_route=\/wp\/v2\/posts"}],"about":[{"href":"https:\/\/encuentroinformativo.com.mx\/index.php?rest_route=\/wp\/v2\/types\/post"}],"author":[{"embeddable":true,"href":"https:\/\/encuentroinformativo.com.mx\/index.php?rest_route=\/wp\/v2\/users\/1"}],"replies":[{"embeddable":true,"href":"https:\/\/encuentroinformativo.com.mx\/index.php?rest_route=%2Fwp%2Fv2%2Fcomments&post=17269"}],"version-history":[{"count":1,"href":"https:\/\/encuentroinformativo.com.mx\/index.php?rest_route=\/wp\/v2\/posts\/17269\/revisions"}],"predecessor-version":[{"id":17271,"href":"https:\/\/encuentroinformativo.com.mx\/index.php?rest_route=\/wp\/v2\/posts\/17269\/revisions\/17271"}],"wp:featuredmedia":[{"embeddable":true,"href":"https:\/\/encuentroinformativo.com.mx\/index.php?rest_route=\/wp\/v2\/media\/17270"}],"wp:attachment":[{"href":"https:\/\/encuentroinformativo.com.mx\/index.php?rest_route=%2Fwp%2Fv2%2Fmedia&parent=17269"}],"wp:term":[{"taxonomy":"category","embeddable":true,"href":"https:\/\/encuentroinformativo.com.mx\/index.php?rest_route=%2Fwp%2Fv2%2Fcategories&post=17269"},{"taxonomy":"post_tag","embeddable":true,"href":"https:\/\/encuentroinformativo.com.mx\/index.php?rest_route=%2Fwp%2Fv2%2Ftags&post=17269"}],"curies":[{"name":"wp","href":"https:\/\/api.w.org\/{rel}","templated":true}]}}