{"id":1727,"date":"2020-04-09T13:53:56","date_gmt":"2020-04-09T18:53:56","guid":{"rendered":"https:\/\/encuentroinformativo.com\/?p=1727"},"modified":"2020-04-09T13:53:58","modified_gmt":"2020-04-09T18:53:58","slug":"descarta-policia-municipal-uso-de-fuerza-publica-para-retirar-a-personas-de-las-calles","status":"publish","type":"post","link":"https:\/\/encuentroinformativo.com.mx\/?p=1727","title":{"rendered":"Descarta polic\u00eda municipal uso de fuerza p\u00fablica para retirar a personas de las calles"},"content":{"rendered":"\n<p><strong>Dar\u00edo Pale <\/strong><\/p>\n\n\n\n<p>Xalapa, Ver.- Francisco Felipe Villa Campa director de Seguridad Ciudadana y Tr\u00e1nsito Municipal dio a conocer que no har\u00e1n uso de la fuerza p\u00fablica para retirar a las personas que se encuentren en las calles de la ciudad ni ser\u00e1n detenidas.<\/p>\n\n\n\n<p>Entrevistado durante un recorrido por el parque Ju\u00e1rez de la capital del estado, se\u00f1al\u00f3 que est\u00e1n acatando las instrucciones de la secretaria de salud federal, por lo cual est\u00e1n invitando a la ciudadan\u00eda para que permanezca en sus casas y tratando de concientizar a las personas de los efectos de la pandemia.<\/p>\n\n\n\n<p>Est\u00e1n realizando recorridos en las instituciones bancarias para que guarden su sana distancia y revisando veh\u00edculos sospechosos y apoyando a los ciudadanos cuando tenga alguna necesidad, como sucedi\u00f3 hace unos momentos donde una persona con diabetes requer\u00eda medicamentos y la polic\u00eda municipal le traslad\u00f3 su medicamento para que no saliera de su casa.<\/p>\n\n\n\n<p>Se\u00f1al\u00f3 que la ciudadan\u00eda va tomando conciencia de la situaci\u00f3n, el n\u00famero de contagios, de decesos a nivel nacional y las estad\u00edsticas no mienten ya que d\u00eda con d\u00eda les informan como hay contagios y cada vez son m\u00e1s los infectados, por lo que m\u00e1s solidarios sean menor ser\u00e1 el n\u00famero de contagios y pronto se saldr\u00e1 de esta problem\u00e1tica.<\/p>\n\n\n\n<p>Descart\u00f3 que sea utilizada la fuerza p\u00fablica para retirar a las personas de las calles ya que solo est\u00e1n tratando de concientizar a la ciudadan\u00eda, no obstante est\u00e1n buscando las rutas de ingreso a la ciudad donde el transporte de comestibles o tur\u00edsticos hacen parada y acuden los turistas a realizar compras u otras cosas por lo que ah\u00ed es donde tienen mayor incidencia para que guarde su distancia y realicen la sanitizaci\u00f3n.<\/p>\n\n\n\n<p>Por \u00faltimo se\u00f1al\u00f3 que los rumores que est\u00e1n circulando en las redes sociales donde se\u00f1alan que si andan en las calles ser\u00edan detenidas y trasladadas al cuartel San Jos\u00e9 por dos horas se\u00f1al\u00f3 que por parte de la polic\u00eda municipal no tienen ninguna instrucci\u00f3n, solo est\u00e1n haciendo la invitaci\u00f3n de que si no tiene que salir que no salgan.<\/p>\n\n\n\n<p><\/p>\n","protected":false},"excerpt":{"rendered":"<p>Dar\u00edo Pale Xalapa, Ver.- Francisco Felipe Villa Campa director de Seguridad Ciudadana y Tr\u00e1nsito Municipal dio a conocer que no har\u00e1n uso de la fuerza p\u00fablica para retirar a las personas que se encuentren en las calles de la ciudad ni ser\u00e1n detenidas. Entrevistado durante un recorrido por el parque Ju\u00e1rez de la capital del [&hellip;]<\/p>\n","protected":false},"author":1,"featured_media":1728,"comment_status":"open","ping_status":"open","sticky":false,"template":"","format":"standard","meta":{"_jetpack_memberships_contains_paid_content":false,"footnotes":""},"categories":[3],"tags":[],"class_list":["post-1727","post","type-post","status-publish","format-standard","has-post-thumbnail","hentry","category-xalapa"],"jetpack_featured_media_url":"https:\/\/encuentroinformativo.com.mx\/wp-content\/uploads\/2020\/04\/A9277531-1E35-443E-BE4F-94F523FD0A72.jpeg","jetpack_sharing_enabled":true,"jetpack_likes_enabled":true,"amp_enabled":true,"_links":{"self":[{"href":"https:\/\/encuentroinformativo.com.mx\/index.php?rest_route=\/wp\/v2\/posts\/1727","targetHints":{"allow":["GET"]}}],"collection":[{"href":"https:\/\/encuentroinformativo.com.mx\/index.php?rest_route=\/wp\/v2\/posts"}],"about":[{"href":"https:\/\/encuentroinformativo.com.mx\/index.php?rest_route=\/wp\/v2\/types\/post"}],"author":[{"embeddable":true,"href":"https:\/\/encuentroinformativo.com.mx\/index.php?rest_route=\/wp\/v2\/users\/1"}],"replies":[{"embeddable":true,"href":"https:\/\/encuentroinformativo.com.mx\/index.php?rest_route=%2Fwp%2Fv2%2Fcomments&post=1727"}],"version-history":[{"count":1,"href":"https:\/\/encuentroinformativo.com.mx\/index.php?rest_route=\/wp\/v2\/posts\/1727\/revisions"}],"predecessor-version":[{"id":1729,"href":"https:\/\/encuentroinformativo.com.mx\/index.php?rest_route=\/wp\/v2\/posts\/1727\/revisions\/1729"}],"wp:featuredmedia":[{"embeddable":true,"href":"https:\/\/encuentroinformativo.com.mx\/index.php?rest_route=\/wp\/v2\/media\/1728"}],"wp:attachment":[{"href":"https:\/\/encuentroinformativo.com.mx\/index.php?rest_route=%2Fwp%2Fv2%2Fmedia&parent=1727"}],"wp:term":[{"taxonomy":"category","embeddable":true,"href":"https:\/\/encuentroinformativo.com.mx\/index.php?rest_route=%2Fwp%2Fv2%2Fcategories&post=1727"},{"taxonomy":"post_tag","embeddable":true,"href":"https:\/\/encuentroinformativo.com.mx\/index.php?rest_route=%2Fwp%2Fv2%2Ftags&post=1727"}],"curies":[{"name":"wp","href":"https:\/\/api.w.org\/{rel}","templated":true}]}}