{"id":17272,"date":"2021-08-10T16:54:49","date_gmt":"2021-08-10T21:54:49","guid":{"rendered":"https:\/\/encuentroinformativo.com.mx\/?p=17272"},"modified":"2021-08-10T16:54:54","modified_gmt":"2021-08-10T21:54:54","slug":"esposo-golpea-a-su-mujer-en-poza-rica-agresor-huyo-del-lugar","status":"publish","type":"post","link":"https:\/\/encuentroinformativo.com.mx\/?p=17272","title":{"rendered":"Esposo golpea a su mujer en Poza Rica, agresor huy\u00f3 del lugar"},"content":{"rendered":"\n<p><strong>Alejandro \u00c1vila<\/strong><\/p>\n\n\n\n<p>Poza Rica, Ver.- Aproximadamente a las 14 horas de este martes, la Polic\u00eda Estatal recibi\u00f3  la denuncia sobre una mujer que hab\u00eda sido golpeada, por lo que acudieron al llamado, alertando tambi\u00e9n a los cuerpos de emergencia.<\/p>\n\n\n\n<p>Fue la Cruz Ambar quien dio atenci\u00f3n m\u00e9dica a la joven que hab\u00eda sido brutalmente golpeada por su marido, quien huy\u00f3 del lugar tras verla inconsiente.<\/p>\n\n\n\n<p>Los hechos se dieron en la colonia Divisi\u00f3n de Oriente en el municipio de Poza Rica, lugar donde han incrementado los casos de violencia de g\u00e9nero, seg\u00fan las estad\u00edsticas del Instituto Municipal de la Mujer.<\/p>\n\n\n\n<p>El agresor no ha sido identificado, al igual que los datos de la v\u00edctima, pues esta se neg\u00f3 a dar sus generales y de su esposo, a pesar que durante el pleito pidio auxilio y por tal motivo los vecinos llamaron a las autoridades pertinentes.<\/p>\n\n\n\n<p>Los uniformados aclararon que ante esta situaci\u00f3n se debe presentar una denunciado ante la Fiscal\u00eda Especializada en Delitos contra la Mujer, para de esta manera poder proceder en contra del agresor, al tiempo que informaron, lamentablemente es una pr\u00e1ctica poco com\u00fan en las mujeres de la zona norte, quienes ha sido agredidas f\u00edsica y psicol\u00f3gicamente y son m\u00ednimas las quejas formales ante las instancias de procuraci\u00f3n de justicia.<\/p>\n","protected":false},"excerpt":{"rendered":"<p>Alejandro \u00c1vila Poza Rica, Ver.- Aproximadamente a las 14 horas de este martes, la Polic\u00eda Estatal recibi\u00f3 la denuncia sobre una mujer que hab\u00eda sido golpeada, por lo que acudieron al llamado, alertando tambi\u00e9n a los cuerpos de emergencia. Fue la Cruz Ambar quien dio atenci\u00f3n m\u00e9dica a la joven que hab\u00eda sido brutalmente golpeada [&hellip;]<\/p>\n","protected":false},"author":1,"featured_media":17273,"comment_status":"open","ping_status":"open","sticky":false,"template":"","format":"standard","meta":{"_jetpack_memberships_contains_paid_content":false,"footnotes":""},"categories":[14],"tags":[],"class_list":["post-17272","post","type-post","status-publish","format-standard","has-post-thumbnail","hentry","category-policiaca"],"jetpack_featured_media_url":"https:\/\/encuentroinformativo.com.mx\/wp-content\/uploads\/2021\/08\/08D5A561-FC6F-4CD2-82F9-1862740A3330.jpeg","jetpack_sharing_enabled":true,"jetpack_likes_enabled":true,"amp_enabled":true,"_links":{"self":[{"href":"https:\/\/encuentroinformativo.com.mx\/index.php?rest_route=\/wp\/v2\/posts\/17272","targetHints":{"allow":["GET"]}}],"collection":[{"href":"https:\/\/encuentroinformativo.com.mx\/index.php?rest_route=\/wp\/v2\/posts"}],"about":[{"href":"https:\/\/encuentroinformativo.com.mx\/index.php?rest_route=\/wp\/v2\/types\/post"}],"author":[{"embeddable":true,"href":"https:\/\/encuentroinformativo.com.mx\/index.php?rest_route=\/wp\/v2\/users\/1"}],"replies":[{"embeddable":true,"href":"https:\/\/encuentroinformativo.com.mx\/index.php?rest_route=%2Fwp%2Fv2%2Fcomments&post=17272"}],"version-history":[{"count":1,"href":"https:\/\/encuentroinformativo.com.mx\/index.php?rest_route=\/wp\/v2\/posts\/17272\/revisions"}],"predecessor-version":[{"id":17274,"href":"https:\/\/encuentroinformativo.com.mx\/index.php?rest_route=\/wp\/v2\/posts\/17272\/revisions\/17274"}],"wp:featuredmedia":[{"embeddable":true,"href":"https:\/\/encuentroinformativo.com.mx\/index.php?rest_route=\/wp\/v2\/media\/17273"}],"wp:attachment":[{"href":"https:\/\/encuentroinformativo.com.mx\/index.php?rest_route=%2Fwp%2Fv2%2Fmedia&parent=17272"}],"wp:term":[{"taxonomy":"category","embeddable":true,"href":"https:\/\/encuentroinformativo.com.mx\/index.php?rest_route=%2Fwp%2Fv2%2Fcategories&post=17272"},{"taxonomy":"post_tag","embeddable":true,"href":"https:\/\/encuentroinformativo.com.mx\/index.php?rest_route=%2Fwp%2Fv2%2Ftags&post=17272"}],"curies":[{"name":"wp","href":"https:\/\/api.w.org\/{rel}","templated":true}]}}