{"id":17275,"date":"2021-08-10T17:46:05","date_gmt":"2021-08-10T22:46:05","guid":{"rendered":"https:\/\/encuentroinformativo.com.mx\/?p=17275"},"modified":"2021-08-10T17:46:09","modified_gmt":"2021-08-10T22:46:09","slug":"se-saturan-areas-covid-en-poza-rica","status":"publish","type":"post","link":"https:\/\/encuentroinformativo.com.mx\/?p=17275","title":{"rendered":"Se saturan \u00e1reas Covid en Poza Rica"},"content":{"rendered":"\n<p><strong>Alejandro \u00c1vila<\/strong><\/p>\n\n\n\n<p>Poza Rica, Ver.- Decenas de derechohabientes han denunciado en las \u00faltimas horas que, los hospitales del IMSS e ISSSTE de la ciudad de Poza Rica, se niega a recibir m\u00e1s pacientes pues tiene saturada su \u00e1rea COVID; incluso, este \u00faltimo ha solicitado a algunos pacientes con males menores, regresar a sus casas.<\/p>\n\n\n\n<p>Familiares de pacientes del ISSSTE de Poza Rica han informado que en las \u00faltimas horas el personal m\u00e9dico ha recomendado que se lleven a sus enfermos a sus hogares debido a la falta de camas en el nosocomio, ya que est\u00e1n dando prioridad a los hospitalizados por COVID-19.<\/p>\n\n\n\n<p>Seg\u00fan los afectados, el \u00e1rea administrativa y m\u00e9dica les inform\u00f3 que el hospital solo cuenta con 12 camas, y decidieron darle prioridad a pacientes que deben estar internados debido a su condici\u00f3n; por lo que en estos momentos, no est\u00e1n recibiendo a pacientes y los canalizan a otra cl\u00ednica u hospital cercano, para su atenci\u00f3n m\u00e9dica.<\/p>\n\n\n\n<p>Por su parte, el Hospital General #24 del IMSS que tiene sede en Poza Rica, anunci\u00f3 saturaci\u00f3n en su \u00e1rea COVID y no recibe m\u00e1s personas con dicha enfermedad.<\/p>\n\n\n\n<p>&#8220;Se ha dejado de aceptar a enfermos en calidad de graves pues ya no hay camas disponibles ni soportes de ventilaci\u00f3n&#8221;, dijo una denuncia anonima.<\/p>\n\n\n\n<p>El \u00faltimo caso, fue de una masculino que presentaba sintomas graves, pero este no pudo ser ingreaso pues no hab\u00eda camas para darle atenci\u00f3n.<\/p>\n\n\n\n<p>El paciente arrib\u00f3 al sitio en ambulancia desde el municipio de Coatzintla, y a pesar de llevar su oxigeno y de la solicitud de los familiares debido a sus problemas respiratorios agudos, no fue ingresado.<\/p>\n\n\n\n<p>Se pudo conocer que, tras corroborar su estado cr\u00edtico, el paciente fue enviado a otra unidad COVID-19 en otro hospital de la ciudad, ya que el IMSS solo dispone de 20 camas.<\/p>\n","protected":false},"excerpt":{"rendered":"<p>Alejandro \u00c1vila Poza Rica, Ver.- Decenas de derechohabientes han denunciado en las \u00faltimas horas que, los hospitales del IMSS e ISSSTE de la ciudad de Poza Rica, se niega a recibir m\u00e1s pacientes pues tiene saturada su \u00e1rea COVID; incluso, este \u00faltimo ha solicitado a algunos pacientes con males menores, regresar a sus casas. Familiares [&hellip;]<\/p>\n","protected":false},"author":1,"featured_media":17276,"comment_status":"open","ping_status":"open","sticky":false,"template":"","format":"standard","meta":{"_jetpack_memberships_contains_paid_content":false,"footnotes":""},"categories":[9],"tags":[],"class_list":["post-17275","post","type-post","status-publish","format-standard","has-post-thumbnail","hentry","category-salud"],"jetpack_featured_media_url":"https:\/\/encuentroinformativo.com.mx\/wp-content\/uploads\/2021\/08\/840EDAC3-7A0D-4252-8B45-ADB2FE582EFB.jpeg","jetpack_sharing_enabled":true,"jetpack_likes_enabled":true,"amp_enabled":true,"_links":{"self":[{"href":"https:\/\/encuentroinformativo.com.mx\/index.php?rest_route=\/wp\/v2\/posts\/17275","targetHints":{"allow":["GET"]}}],"collection":[{"href":"https:\/\/encuentroinformativo.com.mx\/index.php?rest_route=\/wp\/v2\/posts"}],"about":[{"href":"https:\/\/encuentroinformativo.com.mx\/index.php?rest_route=\/wp\/v2\/types\/post"}],"author":[{"embeddable":true,"href":"https:\/\/encuentroinformativo.com.mx\/index.php?rest_route=\/wp\/v2\/users\/1"}],"replies":[{"embeddable":true,"href":"https:\/\/encuentroinformativo.com.mx\/index.php?rest_route=%2Fwp%2Fv2%2Fcomments&post=17275"}],"version-history":[{"count":1,"href":"https:\/\/encuentroinformativo.com.mx\/index.php?rest_route=\/wp\/v2\/posts\/17275\/revisions"}],"predecessor-version":[{"id":17277,"href":"https:\/\/encuentroinformativo.com.mx\/index.php?rest_route=\/wp\/v2\/posts\/17275\/revisions\/17277"}],"wp:featuredmedia":[{"embeddable":true,"href":"https:\/\/encuentroinformativo.com.mx\/index.php?rest_route=\/wp\/v2\/media\/17276"}],"wp:attachment":[{"href":"https:\/\/encuentroinformativo.com.mx\/index.php?rest_route=%2Fwp%2Fv2%2Fmedia&parent=17275"}],"wp:term":[{"taxonomy":"category","embeddable":true,"href":"https:\/\/encuentroinformativo.com.mx\/index.php?rest_route=%2Fwp%2Fv2%2Fcategories&post=17275"},{"taxonomy":"post_tag","embeddable":true,"href":"https:\/\/encuentroinformativo.com.mx\/index.php?rest_route=%2Fwp%2Fv2%2Ftags&post=17275"}],"curies":[{"name":"wp","href":"https:\/\/api.w.org\/{rel}","templated":true}]}}