{"id":17286,"date":"2021-08-11T09:37:25","date_gmt":"2021-08-11T14:37:25","guid":{"rendered":"https:\/\/encuentroinformativo.com.mx\/?p=17286"},"modified":"2021-08-11T09:37:29","modified_gmt":"2021-08-11T14:37:29","slug":"ahora-me-toca-a-mi","status":"publish","type":"post","link":"https:\/\/encuentroinformativo.com.mx\/?p=17286","title":{"rendered":"Ahora me toca a m\u00ed"},"content":{"rendered":"\n<p><strong>Los Pol\u00edticos<\/strong>\u00a0<\/p>\n\n\n\n<p><strong>Salvador Mu\u00f1oz<\/strong><\/p>\n\n\n\n<p>Veracruz parece un Estado que vive de las elecciones\u2026 no hay respiro y si lo hay, debe ser con cubrebocas. Ya tenemos en puerta las elecciones del PAN, donde todo indica que Joaqu\u00edn Guzm\u00e1n Avil\u00e9s ha de&nbsp; buscar la reelecci\u00f3n, mientras que por el lado de la militancia no convencida de la labor del Chapito al frente de los suspiritos azules, tres damas sacan la cara para contender: Lety L\u00f3pez Landero, Mayra Cort\u00e9s y Mariana Dunyaska\u2026 falta definir qui\u00e9n ser\u00e1 la buena. En tanto, Tito, Cambranis y los Yunes son la otra fuerza a buscar la batuta \u201cbleu\u201d y al igual que la tercia anterior, no se define si ser\u00e1 Tito o Chiquis el bueno.<\/p>\n\n\n\n<p>Otra elecci\u00f3n en puerta es la del PVEM\u2026 bueno, escribir \u201cElecci\u00f3n\u201d es un decir porque con la incursi\u00f3n al Palacio de Encanto por parte de Marcelo Ruiz S\u00e1nchez, aunado a que acaba su periodo (\u201cpor fin\u201d, dicen sus malquerientes), todo est\u00e1 cantado para que el Tuc\u00e1n se jubile y entre el Cisne a enarbolar el logo del Partido Verde Ecologista.<\/p>\n\n\n\n<p>Bueno, \u00a1no dicen que hasta en Morena pueden llamar a elecci\u00f3n de dirigente con eso de que Esteban Ram\u00edrez est\u00e1 de encargado!<\/p>\n\n\n\n<p>\u00a1Vamos! Y qu\u00e9 decir de nuestra M\u00e1xima Casa de Estudios, que dicho sea de paso, tal como la pintan muchos aspirantes a la Rector\u00eda, m\u00e1s bien parece M\u00ednima Casa de Estudios. En menos de un mes se sabr\u00e1 si hay Rector o Rectora, y bien aqu\u00ed vale un comentario: \u00bftres mujeres buscando el cargo que Sarita dejar\u00e1 contra 10 varones?<\/p>\n\n\n\n<p>Han de disculpar, pero con dos periodos como rectora \u00bfno pudo empoderar a las acad\u00e9micas para que m\u00ednimo, fuera micha y micha contendiendo por el edificio de Lomas del Estadio? En fin\u2026 quiz\u00e1s no sea tan err\u00f3nea la visi\u00f3n de la mayor\u00eda de los aspirantes a la Rector\u00eda.<\/p>\n\n\n\n<p>Total que cuando pensamos que ya nos vamos a desintoxicar de elecciones, en las redes sociales empez\u00f3 a generarse un movimiento interesante que nace en el Palacio de Encanto\u2026 Se trata de la elecci\u00f3n del nuevo Comit\u00e9 Ejecutivo del Sindicato \u00danico de Trabajadores al Servicio del Poder Legislativo del Estado de Veracruz de Ignacio de la Llave, el que por cierto, ya lleva m\u00e1s de una d\u00e9cada en manos de Pepe (para los amigos), Jos\u00e9 de Jes\u00fas Rodr\u00edguez Hern\u00e1ndez y quien de nueva cuenta, busca repetir en el cargo.<\/p>\n\n\n\n<p>Lo interesante de esta elecci\u00f3n empieza cuando un lema en las redes sociales llam\u00f3 mi atenci\u00f3n: \u201cAhora me toca a m\u00ed\u2026 \u00bfqu\u00e9 puedo hacer por ti?\u201d<\/p>\n\n\n\n<p>Es el lema de la Planilla Verde, la contraparte de Pepe, quien encabeza la Planilla Unidad y Experiencia.<\/p>\n\n\n\n<p>El mensaje de la Planilla Verde es contundente y dirigido a dos, me queda claro:<\/p>\n\n\n\n<p>La primera parte, dirigida a Pepe, el actual dirigente sindical; la esencia del mensaje en un momento en el que el deseo de renovaci\u00f3n y cambio est\u00e1 latente en el esp\u00edritu ciudadano. Una especie de \u201cSi\u00e9ntese que ya bail\u00f3\u201d o \u201cQu\u00edtate t\u00fa pa\u2019 ponerme yo\u201d o \u201c\u00a1Ya chole!\u201d<\/p>\n\n\n\n<p>La segunda parte, al agremiado, en actitud de servicio, que no de servirse.<\/p>\n\n\n\n<p>La Planilla Verde est\u00e1 representada por Jos\u00e9 Antonio Santamar\u00eda Su\u00e1rez acompa\u00f1ado de Antonia Aguilar Rebolledo; mientras que por la Planilla Unidad y Experiencia, Pepe y Teodora Blanco Gonz\u00e1lez.<\/p>\n\n\n\n<p>Dentro de todo este conjunto de elecciones que nos rodean en sus distintas modalidades, las que han de resolverse pronto, ser\u00e1n las de la UV, cuando el lunes 30 de agosto, a las 14 horas, la Junta de Gobierno d\u00e9 a conocer el resultado del proceso de designaci\u00f3n con la publicaci\u00f3n del nombre de la persona que habr\u00e1 de ocupar la Rector\u00eda del 1 de septiembre de 2021 al 31 de agosto de 2025; mientras que el tres de septiembre, se estar\u00e1 dando a conocer qui\u00e9nes conformar\u00e1n el Comit\u00e9 Ejecutivo del Sindicato \u00danico de Trabajadores al Servicio del Poder Legislativo del Estado de Veracruz de Ignacio de la Llave.<\/p>\n\n\n\n<p>Independientemente de qui\u00e9n gane o a quien se designe, lo cierto es que el lema de la Planilla Verde es un grito, un clamor, quiz\u00e1s hasta una necesidad, no s\u00f3lo en la disputa en el Palacio de Encanto, igual en la UV, tambi\u00e9n en el PAN, quiz\u00e1s en el Verde, o en Morena\u2026 porque en la sociedad, en algunos municipios o distritos, no fue posible decir \u201cAhora me toca a m\u00ed\u2026 \u00bfqu\u00e9 puedo hacer por ti?\u201d<\/p>\n\n\n\n<p><a href=\"mailto:smcainito@gmail.com\" target=\"_blank\" rel=\"noreferrer noopener\">smcainito@gmail.com<\/a><\/p>\n","protected":false},"excerpt":{"rendered":"<p>Los Pol\u00edticos\u00a0 Salvador Mu\u00f1oz Veracruz parece un Estado que vive de las elecciones\u2026 no hay respiro y si lo hay, debe ser con cubrebocas. Ya tenemos en puerta las elecciones del PAN, donde todo indica que Joaqu\u00edn Guzm\u00e1n Avil\u00e9s ha de&nbsp; buscar la reelecci\u00f3n, mientras que por el lado de la militancia no convencida de [&hellip;]<\/p>\n","protected":false},"author":1,"featured_media":387,"comment_status":"open","ping_status":"open","sticky":false,"template":"","format":"standard","meta":{"_jetpack_memberships_contains_paid_content":false,"footnotes":""},"categories":[11],"tags":[],"class_list":["post-17286","post","type-post","status-publish","format-standard","has-post-thumbnail","hentry","category-opinion"],"jetpack_featured_media_url":"https:\/\/encuentroinformativo.com.mx\/wp-content\/uploads\/2020\/03\/7CF8A22B-2764-47BE-8F7F-38FE9E5D6A2F.jpeg","jetpack_sharing_enabled":true,"jetpack_likes_enabled":true,"amp_enabled":true,"_links":{"self":[{"href":"https:\/\/encuentroinformativo.com.mx\/index.php?rest_route=\/wp\/v2\/posts\/17286","targetHints":{"allow":["GET"]}}],"collection":[{"href":"https:\/\/encuentroinformativo.com.mx\/index.php?rest_route=\/wp\/v2\/posts"}],"about":[{"href":"https:\/\/encuentroinformativo.com.mx\/index.php?rest_route=\/wp\/v2\/types\/post"}],"author":[{"embeddable":true,"href":"https:\/\/encuentroinformativo.com.mx\/index.php?rest_route=\/wp\/v2\/users\/1"}],"replies":[{"embeddable":true,"href":"https:\/\/encuentroinformativo.com.mx\/index.php?rest_route=%2Fwp%2Fv2%2Fcomments&post=17286"}],"version-history":[{"count":1,"href":"https:\/\/encuentroinformativo.com.mx\/index.php?rest_route=\/wp\/v2\/posts\/17286\/revisions"}],"predecessor-version":[{"id":17287,"href":"https:\/\/encuentroinformativo.com.mx\/index.php?rest_route=\/wp\/v2\/posts\/17286\/revisions\/17287"}],"wp:featuredmedia":[{"embeddable":true,"href":"https:\/\/encuentroinformativo.com.mx\/index.php?rest_route=\/wp\/v2\/media\/387"}],"wp:attachment":[{"href":"https:\/\/encuentroinformativo.com.mx\/index.php?rest_route=%2Fwp%2Fv2%2Fmedia&parent=17286"}],"wp:term":[{"taxonomy":"category","embeddable":true,"href":"https:\/\/encuentroinformativo.com.mx\/index.php?rest_route=%2Fwp%2Fv2%2Fcategories&post=17286"},{"taxonomy":"post_tag","embeddable":true,"href":"https:\/\/encuentroinformativo.com.mx\/index.php?rest_route=%2Fwp%2Fv2%2Ftags&post=17286"}],"curies":[{"name":"wp","href":"https:\/\/api.w.org\/{rel}","templated":true}]}}