{"id":17288,"date":"2021-08-11T09:46:27","date_gmt":"2021-08-11T14:46:27","guid":{"rendered":"https:\/\/encuentroinformativo.com.mx\/?p=17288"},"modified":"2021-08-11T09:46:31","modified_gmt":"2021-08-11T14:46:31","slug":"miguel-chiquito-repetir-la-historia-de-mi-papi","status":"publish","type":"post","link":"https:\/\/encuentroinformativo.com.mx\/?p=17288","title":{"rendered":"MIGUEL CHIQUITO: REPETIR LA HISTORIA DE MI PAPI"},"content":{"rendered":"\n<p><strong>ColumnaSinNombre<br>@pablojair<\/strong><\/p>\n\n\n\n<ul class=\"wp-block-list\"><li>SSP admite recomendaci\u00f3n de la CEDH por caso Nemi Dib.<\/li><li>Gabinete ir\u00e1 a hacer talacha el fin de semana a escuelas.<\/li><li>Pese a pandemia, Veracruz disminuy\u00f3 nivel de pobreza: CONEVAL<\/li><li>Grande, el expresidente del Conade, Bernardo de la Garza<\/li><\/ul>\n\n\n\n<p>Seamos honestos: a la gente le vale madre<br>las medidas sanitarias contra el Covid\u2026<br>Por eso estamos como estamos.<br>&#8211;Chopenjawer<\/p>\n\n\n\n<p>Para noviembre se dar\u00e1n las elecciones internas del PAN para elegir a la nueva dirigencia estatal.<\/p>\n\n\n\n<p>Joaqu\u00edn Guzm\u00e1n Avil\u00e9s, actual presidente del Comit\u00e9 Ejecutivo Estatal, tendr\u00e1 la oportunidad de reelegirse para seguir encabezando a dicho partido en la entidad, pero tiene enfrente al grupo de los Yunes de Veracruz-Boca del R\u00edo.<\/p>\n\n\n\n<p>De hecho, ya se sabe que ser\u00e1 Miguel \u00c1ngel Yunes M\u00e1rquez quien busque ser el nuevo dirigente del PAN en Veracruz, pero no lo ha manifestado abiertamente.<\/p>\n\n\n\n<p>Para &#8220;Miguel Chiquito&#8221; es urgente y necesario el competir por la presidencia del partido porque necesita tener una plataforma y reflectores para desde ah\u00ed comenzar a bombardear al actual Gobierno de Veracruz, en manos del morenista Cuitl\u00e1huac Garc\u00eda Jim\u00e9nez e irse posicionando como aspirante a la gubernatura.<\/p>\n\n\n\n<p>Es curioso, pero en este sentido \u201cMiguel Chiquito\u201d quiere repetir la historia de su pap\u00e1, quien perdi\u00f3 en las elecciones de 2010 contra un novel y casi desconocido Javier Duarte de Ochoa \u2014impulsado por su creador Fidel Herrera\u2014 pero al final gan\u00f3 la revancha en 2016 al no dejar que colocara a su sucesor y de paso lo convirtiera en el \u00faltimo gobernador pri\u00edsta en la entidad.<\/p>\n\n\n\n<p>Digamos que en ese entonces Miguel \u00c1ngel Yunes Linares se sac\u00f3 la espina a medias, porque al final de cuentas tuvo una gubernatura s\u00f3lo de dos a\u00f1os y los despilfarr\u00f3 m\u00e1s en venganzas contra Duarte y colaboradores que en resolver los problemas de la entidad, como las deudas.<\/p>\n\n\n\n<p>El que tambi\u00e9n se sac\u00f3 la espina de la derrota fue Cuitl\u00e1huac Garc\u00eda Jim\u00e9nez, quien hab\u00eda competido por la gubernatura contra Yunes Linares en 2016 y volvi\u00f3 a competir en 2018 para ganarla. Una derrota muy dif\u00edcil de digerir para el clan del Estero.<\/p>\n\n\n\n<p>Pero a estas alturas, a tres a\u00f1os y pelos del gobierno de Cuitl\u00e1huac, ya comienzan a verse se\u00f1ales de ataques en temas incendiarios y polarizantes como el de seguridad.<\/p>\n\n\n\n<p>Esa estrategia le result\u00f3 muy \u00fatil al entonces aspirante Yunes Linares, cuando detect\u00f3 que en ese rubro el gobierno de Javier Duarte estaba muy d\u00e9bil y ten\u00eda esqueletos escondidos con asuntos como los desaparecidos por parte de cuerpos policiacos. De ah\u00ed simplemente escogi\u00f3 temas para colocarlos en medios y redes sociales, que sumados al recalcitrante antipriismo que se fortalec\u00eda en Veracruz, caus\u00f3 un efecto inmediato contra el \u00faltimo gobierno tricolor.<\/p>\n\n\n\n<p>Es curioso, pero mi mentor C\u00e9sar V\u00e1zquez Chagoya (experto en temas policiacos y pol\u00edticos), poco antes de fallecer en enero de 2014, me comentaba que un asunto que le iba a pegar dur\u00edsimo al entonces gobernador Duarte eran los desaparecidos; que eso de andar \u201clevantando\u201d a supuestos malandrines con comandos parapoliciacos para ejecutarlos y desaparecerlos s\u00f3lo iba a desencadenar una ola de protestas hist\u00f3ricas que, finalmente, derivaron en cr\u00edmenes de lesa humanidad como los cementerios clandestinos en varias partes de Veracruz.<\/p>\n\n\n\n<p>Y mire que en la presente administraci\u00f3n, un error fue el caso del ciudadano costarricense que la SSP del secre Hugo Guti\u00e9rrez (conocido en c\u00f3digo como \u201cLicha Villarreal\u201d) se tard\u00f3 en poner a disposici\u00f3n de un juez junto con otros 6 detenidos en Coatepec. Quiz\u00e1s el asunto no hubiese trascendido de no ser por la nacionalidad extranjera de uno de los intervenidos, sus ligas con el panismo\/yunismo y por la manera en que sus familiares se movieron para exigir que fuese localizado. Tan se vieron presionados por la opini\u00f3n p\u00fablica, que tuvieron que presentarlos ante la Fiscal\u00eda General del Estado.<\/p>\n\n\n\n<p>Estos casos, al estar operados casi al margen de la ilegalidad, son material que capitaliza pol\u00edticamente la oposici\u00f3n y detractores del actual gobierno. A Duarte de Ochoa \u2014con todo y que es indefendible\u2014 fue una fuerte y ruidosa campa\u00f1a de descr\u00e9dito la que finalmente lo defenestr\u00f3 (entre verdades y mentiras, como la falacia de las vacunas con agua destilada).<\/p>\n\n\n\n<p>Pero a la par de la guerra de excremento que est\u00e1n preparando los yunistas desde sus b\u00fankers y se ir\u00e1 intensificando de aqu\u00ed a los pr\u00f3ximos meses, tambi\u00e9n han iniciado en el puerto de Veracruz una campa\u00f1a agresiva de registro de militantes en la zona, donde ya plantaron bandera con la alcald\u00eda de Fernando Yunes M\u00e1rquez y podr\u00edan seguir con el feudo a trav\u00e9s de la esposa de &#8220;Miguel Chiquito&#8221;.<\/p>\n\n\n\n<p>En este tenor, desde hace unos d\u00edas se sabe que han estado realizando una campa\u00f1a discreta de credencializaci\u00f3n en el puerto de Veracruz, ya que el padr\u00f3n actual est\u00e1 m\u00e1s cargado hacia el senador Julen Rementer\u00eda del Puerto y necesitan de uno nuevo que le arrebate ese posicionamiento favorable al actual coordinador de la bancada del PAN en el Senado.<\/p>\n\n\n\n<p>Recu\u00e9rdese que los Yunes fueron quienes reventaron la elecci\u00f3n interna del 14 de febrero, cuando impidieron con violencia que votaran 2 mil nuevos militantes simpatizantes del grupo del senador, quienes habr\u00edan hecho ganar a su hijo Bingen Rementer\u00eda Molina como candidato a la alcald\u00eda de Veracruz.<\/p>\n\n\n\n<p>As\u00ed, a base de fuerza, violencia y golpes, \u201cMiguel Chiquito\u201d se impuso como candidato, pero finalmente fue bajado por los tribunales porque no pudo acreditar su residencia en el municipio de Veracruz (estuvo fuera del pa\u00eds por largos periodos), situaci\u00f3n que \u2014comentan\u2014 tambi\u00e9n podr\u00eda afectarle en su b\u00fasqueda por la gubernatura en 2024.<\/p>\n\n\n\n<p>Cabe mencionar que el tema de la campa\u00f1a para hacer crecer el padr\u00f3n tambi\u00e9n se da justo en el momento en que el Partido Acci\u00f3n Nacional est\u00e1 padeciendo una crisis severa de militantes a nivel nacional.<\/p>\n\n\n\n<p>Un reportaje de la revista Emeequis, firmado por Rivelino Rueda, indica que la crisis interna del PAN lo mantienen a dos d\u00e9cimas de perder el registro como partido pol\u00edtico, como lo marca la normatividad electoral; asunto que tambi\u00e9n dio a conocer la experimentada periodista Leticia Robles de la Rosa.<\/p>\n\n\n\n<p>De acuerdo a los datos que presenta Emeequis, \u201cel Estado de M\u00e9xico es la entidad donde el blanquiazul reporta m\u00e1s afiliados, con 26 mil 362. Le siguen Veracruz, con 23 mil 853; Puebla, con 19 mil 353; Jalisco, con 18 mil 302, y la Ciudad de M\u00e9xico, con 16 mil 562\u201d.<\/p>\n\n\n\n<p>Un caso curioso con respecto al padr\u00f3n panista es el de Jorge Alberto Ling Altamirano, \u201cexdiputado federal del PAN y formador de cuadros pol\u00edticos en ese instituto pol\u00edtico\u201d quien aparece en la lista de militantes de ese partido en la Ciudad de M\u00e9xico, pero falleci\u00f3 en diciembre de 2020.<\/p>\n\n\n\n<p>El mismo reportaje de Emeequis cita como fuente a un exsecretario general del PAN que pidi\u00f3 el anonimato: \u201cCada vez que se elige a un candidato presidencial o a una nueva dirigencia, los presidentes nacionales en turno del partido hacen un \u2018manoseo a conveniencia\u2019 del padr\u00f3n electoral, pero lo que s\u00ed fue \u2018grotesco\u2019 fue lo que sucedi\u00f3 en los periodos de Gustavo Madero, Cecilia Romero, Ricardo Anaya y ahora con Marko Cort\u00e9s\u201d.<\/p>\n\n\n\n<p>Otro caso fue el de Ricardo Anaya Cort\u00e9s y su grupo, que termin\u00f3 con la renuncia al partido de Felipe Calder\u00f3n Hinojosa, exdirigente nacional del PAN de 1996 a 1999, candidato presidencial de ese partido y presidente de M\u00e9xico de 2006 a 2012, y quien ocasion\u00f3 un boquete enorme en la militancia panista al irse.<\/p>\n\n\n\n<p><strong>NOTA PARA PEGAR EN EL REFRI: <\/strong>Aunque tard\u00f3 tres meses en admitirla, finalmente la Secretar\u00eda de Seguridad P\u00fablica del estado de Veracruz &#8211;a diferencia de la Fiscal\u00eda General, que la acept\u00f3 de inmediato&#8211; acept\u00f3 la recomendaci\u00f3n 23\/2021 emitida por la Comisi\u00f3n Estatal de Derechos Humanos (CEDH) por el caso de trato cruel e inhumano cometido en contra de una persona privada de la libertad y falta de debida diligencia de la Fiscal\u00eda General del Estado en la investigaci\u00f3n del delito de tortura\u2026 Se trata del caso del exsecretario de Salud, Juan Antonio Nemi Dib, encarcelado de manera injusta y violenta en el gobierno de Miguel \u00c1ngel Yunes Linares cuando andaba en sus venganzas personales buscando legitimarse como &#8220;justiciero&#8221;\u2026 La SSP deber\u00e1 pagar, seg\u00fan la CEDH, una compensaci\u00f3n por el da\u00f1o moral &#8220;que le generaron los tratos crueles, inhumanos y degradantes de los que fue v\u00edctima durante la privaci\u00f3n de su libertad en el CE.RE.SO.&#8221;, as\u00ed como &#8220;los gastos que tuvo que absorber para el tratamiento de las complicaciones m\u00e9dicas que sufri\u00f3 como consecuencia de la falta de atenci\u00f3n m\u00e9dica oportuna dentro del CE.RE.SO.\u201d\u2026 Nemi Dib ha sido todo un gladiador para demostrar su inocencia ante falsos e inventados se\u00f1alamientos, nadando casi contra corriente para demostrar que solamente fue v\u00edctima brutal de una persecuci\u00f3n pol\u00edtica ocasionada por el infame \u201cGober Cascarita\u201d.<\/p>\n\n\n\n<p><strong>OTRA NOTA: <\/strong>Que todos los secretarios del gabinete del gobernador Cuitl\u00e1huac Garc\u00eda Jim\u00e9nez tienen indicaciones de ir a hacer faena y talacha a escuelas este fin de semana y prepararlas para el regreso a clases. Lo anterior dentro del marco del programa #TequioPorMiEscuela, donde cada quien agarrar\u00e1 un centro escolar (incluido el gober) y se abocar\u00e1n a hacer limpieza con brigadas de colaboradores\u2026 Dicen que la duda est\u00e1 en los secretarios for\u00e1neos o que no estuvieron aqu\u00ed en su infancia y adolescencia, pero seguramente van a escoger alguna voluntariamente.<\/p>\n\n\n\n<p><strong>OTRA NOTA EXTRA: <\/strong>Mientras que en otros estados de la rep\u00fablica \u2014y en general en todo el pa\u00eds\u2014 repunt\u00f3 el nivel de pobreza, agravado por la contingencia sanitaria desde 2020, el estado de Veracruz disminuy\u00f3 este \u00edndice en casi cuatro puntos porcentuales, de acuerdo al Consejo Nacional de Evaluaci\u00f3n de la Pol\u00edtica de Desarrollo Social (CONEVAL). En entrevista radiof\u00f3nica, el secretario ejecutivo del CONEVAL, Jos\u00e9 Nabor Cruz Marcelo, precis\u00f3 que la poblaci\u00f3n en situaci\u00f3n de pobreza del estado de Veracruz pas\u00f3 de 62.2 por ciento en 2018 a 58.6 por ciento en 2020, lo que representa que cerca de 30 mil personas dejaron de vivir en esta condici\u00f3n. En cuanto a pobreza extrema, \u00e9sta se redujo en Veracruz casi tres puntos porcentuales con respecto a 2018, pasando de 17.1 a 13.9 por ciento en 2020. Tomando en cuenta el contexto de crisis sanitaria y socioecon\u00f3mica en que vivimos desde el a\u00f1o pasado, que Veracruz haya podido contener una mayor afectaci\u00f3n a la situaci\u00f3n econ\u00f3mica de sus habitantes, manteniendo sus niveles como los de 2018, \u201cse trata de un avance\u201d, consider\u00f3. Los cinco estados con mayores incrementos de pobreza durante 2020 fueron Quintana Roo, Baja California Sur, Tlaxcala, Estado de M\u00e9xico y Yucat\u00e1n, cuya fortaleza econ\u00f3mica radica en el sector turismo principalmente; a nivel pa\u00eds, la pobreza aument\u00f3 en un 2 por ciento durante el a\u00f1o pasado.<\/p>\n\n\n\n<p><strong>LA \u00daLTIMA PORQUE MA\u00d1ANA TOCA SEGUNDO PINCHAZO: <\/strong>\u201cCuando MEX triunf\u00f3 en los panamericanos, no me busc\u00f3 nadie. Hoy q los resultados fueron distintos me buscan varios medios. Un pa\u00eds que gusta de hacer fiesta y ruido cuando no se cumplen los objetivos. No cuenten conmigo. Cuando busquen la propuesta, el diagn\u00f3stico, hablamos\u201d\u2026 Lo anterior lo dijo el expresidente de la Comisi\u00f3n Nacional del Deporte, Bernardo de la Garza (considerado por muchos como el mejor que ha habido) v\u00eda Twitter, lo que habla de una inteligencia y sensibilidad destacable para no caer en el juego de politizar temas de inter\u00e9s nacional nom\u00e1s por el puro deporte nacional de madrear por madrear.<\/p>\n","protected":false},"excerpt":{"rendered":"<p>ColumnaSinNombre@pablojair SSP admite recomendaci\u00f3n de la CEDH por caso Nemi Dib. Gabinete ir\u00e1 a hacer talacha el fin de semana a escuelas. Pese a pandemia, Veracruz disminuy\u00f3 nivel de pobreza: CONEVAL Grande, el expresidente del Conade, Bernardo de la Garza Seamos honestos: a la gente le vale madrelas medidas sanitarias contra el Covid\u2026Por eso estamos [&hellip;]<\/p>\n","protected":false},"author":1,"featured_media":488,"comment_status":"open","ping_status":"open","sticky":false,"template":"","format":"standard","meta":{"_jetpack_memberships_contains_paid_content":false,"footnotes":""},"categories":[11],"tags":[],"class_list":["post-17288","post","type-post","status-publish","format-standard","has-post-thumbnail","hentry","category-opinion"],"jetpack_featured_media_url":"https:\/\/encuentroinformativo.com.mx\/wp-content\/uploads\/2020\/03\/F471F608-BA1A-416B-BA7B-BCFB24F4E6D0.jpeg","jetpack_sharing_enabled":true,"jetpack_likes_enabled":true,"amp_enabled":true,"_links":{"self":[{"href":"https:\/\/encuentroinformativo.com.mx\/index.php?rest_route=\/wp\/v2\/posts\/17288","targetHints":{"allow":["GET"]}}],"collection":[{"href":"https:\/\/encuentroinformativo.com.mx\/index.php?rest_route=\/wp\/v2\/posts"}],"about":[{"href":"https:\/\/encuentroinformativo.com.mx\/index.php?rest_route=\/wp\/v2\/types\/post"}],"author":[{"embeddable":true,"href":"https:\/\/encuentroinformativo.com.mx\/index.php?rest_route=\/wp\/v2\/users\/1"}],"replies":[{"embeddable":true,"href":"https:\/\/encuentroinformativo.com.mx\/index.php?rest_route=%2Fwp%2Fv2%2Fcomments&post=17288"}],"version-history":[{"count":1,"href":"https:\/\/encuentroinformativo.com.mx\/index.php?rest_route=\/wp\/v2\/posts\/17288\/revisions"}],"predecessor-version":[{"id":17289,"href":"https:\/\/encuentroinformativo.com.mx\/index.php?rest_route=\/wp\/v2\/posts\/17288\/revisions\/17289"}],"wp:featuredmedia":[{"embeddable":true,"href":"https:\/\/encuentroinformativo.com.mx\/index.php?rest_route=\/wp\/v2\/media\/488"}],"wp:attachment":[{"href":"https:\/\/encuentroinformativo.com.mx\/index.php?rest_route=%2Fwp%2Fv2%2Fmedia&parent=17288"}],"wp:term":[{"taxonomy":"category","embeddable":true,"href":"https:\/\/encuentroinformativo.com.mx\/index.php?rest_route=%2Fwp%2Fv2%2Fcategories&post=17288"},{"taxonomy":"post_tag","embeddable":true,"href":"https:\/\/encuentroinformativo.com.mx\/index.php?rest_route=%2Fwp%2Fv2%2Ftags&post=17288"}],"curies":[{"name":"wp","href":"https:\/\/api.w.org\/{rel}","templated":true}]}}