{"id":17290,"date":"2021-08-11T12:06:10","date_gmt":"2021-08-11T17:06:10","guid":{"rendered":"https:\/\/encuentroinformativo.com.mx\/?p=17290"},"modified":"2021-08-11T12:06:13","modified_gmt":"2021-08-11T17:06:13","slug":"se-preparan-en-zongolica-para-regreso-a-clases-presenciales","status":"publish","type":"post","link":"https:\/\/encuentroinformativo.com.mx\/?p=17290","title":{"rendered":"Se preparan en Zongolica para regreso a clases presenciales"},"content":{"rendered":"\n<p><strong>Dar\u00edo Pale <\/strong><\/p>\n\n\n\n<p>Xalapa, Ver.- El Ayuntamiento de Zongolica se est\u00e1 preparando para colaborar para el regreso a clases el pr\u00f3ximo 30 de agosto, ya que pararon otras actividades para ayudar a la Federaci\u00f3n as\u00ed lo informo el alcalde de dicho municipio Juan Carlos Mezhua Campos.<\/p>\n\n\n\n<p>En conferencia de prensa realizada en conocido caf\u00e9 del centro de Xalapa, detall\u00f3 que proporcionar\u00e1n cubrebocas, adem\u00e1s de que llevar\u00e1n a cabo la desinfecci\u00f3n de las casi 500 escuelas que hay en la demarcaci\u00f3n.<\/p>\n\n\n\n<p>Dijo que de manera personal est\u00e1 de acuerdo en el regreso a clases y dijo que no es conveniente parar la econom\u00eda &#8220;\u00bfo qu\u00e9 comemos?&#8221;, por lo que reconoci\u00f3 que si los padres de familia no quieren mandar a sus hijos a la escuela se respeta, toda vez que es un regreso voluntario.<\/p>\n\n\n\n<p>&#8220;Pr\u00e1cticamente todo el municipio se est\u00e1 configurando en esta actividad, en ayudar. No est\u00e1 funcionando el \u00e1rea de cultura, deportiva, todo nuestro personal se est\u00e1 construyendo en un mecanismo de ayuda a la poblaci\u00f3n para el regreso a clases&#8221;, se\u00f1al\u00f3.<\/p>\n\n\n\n<p>Mezhua Campos detall\u00f3 que gracias a los mil 200 polic\u00edas comunitarios que cuidan las comunidades no se han presentado actos de vandalismo en los planteles escolares, adem\u00e1s reconoci\u00f3 que Zongolica est\u00e1 en sem\u00e1foro rojo y por lo tanto se apegaron al nuevo decreto para el cierre de vialidades en el centro, adem\u00e1s de que no habr\u00e1 tianguis, entre otros.<\/p>\n\n\n\n<p>En otro orden de ideas, indic\u00f3 que mucha gente ten\u00eda miedo de vacunarse, pero se han enfocado a convencer a la gente y afortunadamente lo han logrado.<\/p>\n\n\n\n<p>Finalmente record\u00f3 que hace algunas semanas vino a la capital a pedir ayuda a las autoridades para que hubiera \u00e1reas \u00f3ptimas para la atenci\u00f3n de pacientes infectados de Covid-19, as\u00ed como una ambulancia para los traslados a Orizaba.<\/p>\n","protected":false},"excerpt":{"rendered":"<p>Dar\u00edo Pale Xalapa, Ver.- El Ayuntamiento de Zongolica se est\u00e1 preparando para colaborar para el regreso a clases el pr\u00f3ximo 30 de agosto, ya que pararon otras actividades para ayudar a la Federaci\u00f3n as\u00ed lo informo el alcalde de dicho municipio Juan Carlos Mezhua Campos. En conferencia de prensa realizada en conocido caf\u00e9 del centro [&hellip;]<\/p>\n","protected":false},"author":1,"featured_media":17291,"comment_status":"open","ping_status":"open","sticky":false,"template":"","format":"standard","meta":{"_jetpack_memberships_contains_paid_content":false,"footnotes":""},"categories":[2],"tags":[],"class_list":["post-17290","post","type-post","status-publish","format-standard","has-post-thumbnail","hentry","category-estado"],"jetpack_featured_media_url":"https:\/\/encuentroinformativo.com.mx\/wp-content\/uploads\/2021\/08\/7FD65964-5163-4367-A5F4-C8BAA8FA0D8C.jpeg","jetpack_sharing_enabled":true,"jetpack_likes_enabled":true,"amp_enabled":true,"_links":{"self":[{"href":"https:\/\/encuentroinformativo.com.mx\/index.php?rest_route=\/wp\/v2\/posts\/17290","targetHints":{"allow":["GET"]}}],"collection":[{"href":"https:\/\/encuentroinformativo.com.mx\/index.php?rest_route=\/wp\/v2\/posts"}],"about":[{"href":"https:\/\/encuentroinformativo.com.mx\/index.php?rest_route=\/wp\/v2\/types\/post"}],"author":[{"embeddable":true,"href":"https:\/\/encuentroinformativo.com.mx\/index.php?rest_route=\/wp\/v2\/users\/1"}],"replies":[{"embeddable":true,"href":"https:\/\/encuentroinformativo.com.mx\/index.php?rest_route=%2Fwp%2Fv2%2Fcomments&post=17290"}],"version-history":[{"count":1,"href":"https:\/\/encuentroinformativo.com.mx\/index.php?rest_route=\/wp\/v2\/posts\/17290\/revisions"}],"predecessor-version":[{"id":17292,"href":"https:\/\/encuentroinformativo.com.mx\/index.php?rest_route=\/wp\/v2\/posts\/17290\/revisions\/17292"}],"wp:featuredmedia":[{"embeddable":true,"href":"https:\/\/encuentroinformativo.com.mx\/index.php?rest_route=\/wp\/v2\/media\/17291"}],"wp:attachment":[{"href":"https:\/\/encuentroinformativo.com.mx\/index.php?rest_route=%2Fwp%2Fv2%2Fmedia&parent=17290"}],"wp:term":[{"taxonomy":"category","embeddable":true,"href":"https:\/\/encuentroinformativo.com.mx\/index.php?rest_route=%2Fwp%2Fv2%2Fcategories&post=17290"},{"taxonomy":"post_tag","embeddable":true,"href":"https:\/\/encuentroinformativo.com.mx\/index.php?rest_route=%2Fwp%2Fv2%2Ftags&post=17290"}],"curies":[{"name":"wp","href":"https:\/\/api.w.org\/{rel}","templated":true}]}}