{"id":17296,"date":"2021-08-11T13:22:46","date_gmt":"2021-08-11T18:22:46","guid":{"rendered":"https:\/\/encuentroinformativo.com.mx\/?p=17296"},"modified":"2021-08-11T13:22:50","modified_gmt":"2021-08-11T18:22:50","slug":"en-veracruz-puerto-centro-no-esta-cerrado-cometur","status":"publish","type":"post","link":"https:\/\/encuentroinformativo.com.mx\/?p=17296","title":{"rendered":"En Veracruz puerto, centro no est\u00e1 cerrado: COMETUR"},"content":{"rendered":"\n<p><strong>Alejandro \u00c1vila<\/strong><\/p>\n\n\n\n<p>Veracruz, Ver.- El presidente de Consejo Metropolitano de Turismo (COMETUR), Sergio Lois Heredia, resalt\u00f3 es importante aclarar que, pese al decreto emitido por Gobierno del Estado el pasado domingo, el Centro Hist\u00f3rico, al menos de Veracruz puerto, no est\u00e1 cerrado para la ciudadan\u00eda.<\/p>\n\n\n\n<p>Record\u00f3 que si bien al inicio de la pandemia el a\u00f1o pasado, entre los meses de mayo y junio se prohibio totalmente el acceso a veh\u00edculos y transeuntes, en esta ocasi\u00f3n es diferente, pues solo se est\u00e1 limitando el acceso de ambos, para evitar aglomeraciones.<\/p>\n\n\n\n<p>&#8220;En este momento lo que hay son restricciones viales para lo que es sobre todo la zona de mercados, pero para lo que es el primer cuadro de la ciudad, la avenida Independencia y las principales calles del centro, est\u00e1n abiertas a la circulaci\u00f3n, las personas est\u00e1n caminando sin ning\u00fan problema, todo lo que son los hoteles, restaurantes, comercios, est\u00e1n operando bajo las restricciones que tenemos que tener&#8221;, apunt\u00f3.<\/p>\n\n\n\n<p>El empresario del ramo turistico mencion\u00f3 que cualquier persona local o turista puede accesar al Centro Historico sin problema alguno, para realizar la actividad que guste, y se\u00f1al\u00f3 que es importante aclarlo, pues malinterpretar esta situaci\u00f3n, acarrea una considerable baja en el flujo econ\u00f3mico que evidentemente lleva al cierre de negocios y m\u00e1s desempleo.<\/p>\n\n\n\n<p>&#8220;No solo se corre el riesgo, ya se est\u00e1 presentando, ya existe una disminuci\u00f3n muy considerable en lo que son las ventas de todos los que est\u00e1n en el centro, la afluencia turistica en el centro ha caido considerablemente desde el anuncio de que el centro est\u00e1 cerrado, la verdad es que ha provocado mucha confusi\u00f3n. Muchas personas, tanto locales, como turistas, piensan que est\u00e1 totalmente cerrado el centro, cuando no es as\u00ed&#8221;, asest\u00f3.<\/p>\n\n\n\n<figure class=\"wp-block-image size-large\"><img loading=\"lazy\" decoding=\"async\" width=\"1024\" height=\"681\" src=\"https:\/\/encuentroinformativo.com.mx\/wp-content\/uploads\/2021\/08\/33FA8819-C8C0-4577-BC65-69F795CFC040-1024x681.jpeg\" alt=\"\" class=\"wp-image-17298\" srcset=\"https:\/\/encuentroinformativo.com.mx\/wp-content\/uploads\/2021\/08\/33FA8819-C8C0-4577-BC65-69F795CFC040-1024x681.jpeg 1024w, https:\/\/encuentroinformativo.com.mx\/wp-content\/uploads\/2021\/08\/33FA8819-C8C0-4577-BC65-69F795CFC040-300x199.jpeg 300w, https:\/\/encuentroinformativo.com.mx\/wp-content\/uploads\/2021\/08\/33FA8819-C8C0-4577-BC65-69F795CFC040-768x511.jpeg 768w, https:\/\/encuentroinformativo.com.mx\/wp-content\/uploads\/2021\/08\/33FA8819-C8C0-4577-BC65-69F795CFC040.jpeg 1280w\" sizes=\"auto, (max-width: 1024px) 100vw, 1024px\" \/><\/figure>\n","protected":false},"excerpt":{"rendered":"<p>Alejandro \u00c1vila Veracruz, Ver.- El presidente de Consejo Metropolitano de Turismo (COMETUR), Sergio Lois Heredia, resalt\u00f3 es importante aclarar que, pese al decreto emitido por Gobierno del Estado el pasado domingo, el Centro Hist\u00f3rico, al menos de Veracruz puerto, no est\u00e1 cerrado para la ciudadan\u00eda. Record\u00f3 que si bien al inicio de la pandemia el [&hellip;]<\/p>\n","protected":false},"author":1,"featured_media":17297,"comment_status":"open","ping_status":"open","sticky":false,"template":"","format":"standard","meta":{"_jetpack_memberships_contains_paid_content":false,"footnotes":""},"categories":[2],"tags":[],"class_list":["post-17296","post","type-post","status-publish","format-standard","has-post-thumbnail","hentry","category-estado"],"jetpack_featured_media_url":"https:\/\/encuentroinformativo.com.mx\/wp-content\/uploads\/2021\/08\/CB625C60-0BAC-4D84-A398-B23D63FB6EF7.jpeg","jetpack_sharing_enabled":true,"jetpack_likes_enabled":true,"amp_enabled":true,"_links":{"self":[{"href":"https:\/\/encuentroinformativo.com.mx\/index.php?rest_route=\/wp\/v2\/posts\/17296","targetHints":{"allow":["GET"]}}],"collection":[{"href":"https:\/\/encuentroinformativo.com.mx\/index.php?rest_route=\/wp\/v2\/posts"}],"about":[{"href":"https:\/\/encuentroinformativo.com.mx\/index.php?rest_route=\/wp\/v2\/types\/post"}],"author":[{"embeddable":true,"href":"https:\/\/encuentroinformativo.com.mx\/index.php?rest_route=\/wp\/v2\/users\/1"}],"replies":[{"embeddable":true,"href":"https:\/\/encuentroinformativo.com.mx\/index.php?rest_route=%2Fwp%2Fv2%2Fcomments&post=17296"}],"version-history":[{"count":1,"href":"https:\/\/encuentroinformativo.com.mx\/index.php?rest_route=\/wp\/v2\/posts\/17296\/revisions"}],"predecessor-version":[{"id":17299,"href":"https:\/\/encuentroinformativo.com.mx\/index.php?rest_route=\/wp\/v2\/posts\/17296\/revisions\/17299"}],"wp:featuredmedia":[{"embeddable":true,"href":"https:\/\/encuentroinformativo.com.mx\/index.php?rest_route=\/wp\/v2\/media\/17297"}],"wp:attachment":[{"href":"https:\/\/encuentroinformativo.com.mx\/index.php?rest_route=%2Fwp%2Fv2%2Fmedia&parent=17296"}],"wp:term":[{"taxonomy":"category","embeddable":true,"href":"https:\/\/encuentroinformativo.com.mx\/index.php?rest_route=%2Fwp%2Fv2%2Fcategories&post=17296"},{"taxonomy":"post_tag","embeddable":true,"href":"https:\/\/encuentroinformativo.com.mx\/index.php?rest_route=%2Fwp%2Fv2%2Ftags&post=17296"}],"curies":[{"name":"wp","href":"https:\/\/api.w.org\/{rel}","templated":true}]}}