{"id":17304,"date":"2021-08-11T14:36:16","date_gmt":"2021-08-11T19:36:16","guid":{"rendered":"https:\/\/encuentroinformativo.com.mx\/?p=17304"},"modified":"2021-08-11T14:36:20","modified_gmt":"2021-08-11T19:36:20","slug":"padres-de-familia-realizaran-faenas-en-escuelas","status":"publish","type":"post","link":"https:\/\/encuentroinformativo.com.mx\/?p=17304","title":{"rendered":"Padres de familia realizar\u00e1n faenas en escuelas"},"content":{"rendered":"\n<p><strong>Alejandro \u00c1vila<\/strong><\/p>\n\n\n\n<p>Veracruz, Ver.- Este miercoles 11 de agosto inicio el programa &#8220;Tequio En Tu Escuela&#8221;, donde se invita a padres de familia y docentes a realizar la &#8220;faena&#8221; de limpieza en las diversas escuelas de la entidad veracruzana.<\/p>\n\n\n\n<p>El proyecto se realizar\u00e1 en todo el Estado de Veracruz, con la finalidad de que los planteles educativos est\u00e9n en condiciones \u00f3ptimas para el regreso a clases a finales de mes.<\/p>\n\n\n\n<p>Tan solo en el municipio de Veracruz, son 750 escuelas las que dependen de la Secretar\u00eda de Educaci\u00f3n, mismas que deber\u00edan quedar limpias y sanitizadas antes del 31 de agosto.<\/p>\n\n\n\n<p>&#8220;El hecho que estemos convocando a la sociedad, a los padres de familia, a los maestros de las escuelas y a toda aquella persona que quiera sumarse a este tequio por mi escuela, pues es precisamente para tener nuestras escuelitas preparadas para el regreso a clases. Esto para nosotros es muy importante, pues ya saben que es m\u00e1s de un a\u00f1o que nuestras escuelas est\u00e1n cerradas, y las labores de mantenimiento y de limpieza pues son muchas las que se requieren&#8221;, resalt\u00f3 la delegada de la SEV, Diana Santiago Huesca, quien hoy supervis\u00f3 los trabajos en el Jard\u00edn de Ni\u00f1os &#8220;Juana Amelia Celis&#8221;.<\/p>\n\n\n\n<p>Una vez concluidos los trabajos de limpieza, se continuar\u00e1 con la sanitizaci\u00f3n de los salones y aulas directivas; aunque hasta el momento no se ha aclarado, que suceder\u00e1 con los planteles educativos a los que les fueron robados tuber\u00edas y cableado el\u00e9ctrico, por lo que no cuentan con agua potable o luz para desarrollar sus labores de manera correcta e higi\u00e9nica.<\/p>\n","protected":false},"excerpt":{"rendered":"<p>Alejandro \u00c1vila Veracruz, Ver.- Este miercoles 11 de agosto inicio el programa &#8220;Tequio En Tu Escuela&#8221;, donde se invita a padres de familia y docentes a realizar la &#8220;faena&#8221; de limpieza en las diversas escuelas de la entidad veracruzana. El proyecto se realizar\u00e1 en todo el Estado de Veracruz, con la finalidad de que los [&hellip;]<\/p>\n","protected":false},"author":1,"featured_media":17305,"comment_status":"open","ping_status":"open","sticky":false,"template":"","format":"standard","meta":{"_jetpack_memberships_contains_paid_content":false,"footnotes":""},"categories":[2],"tags":[],"class_list":["post-17304","post","type-post","status-publish","format-standard","has-post-thumbnail","hentry","category-estado"],"jetpack_featured_media_url":"https:\/\/encuentroinformativo.com.mx\/wp-content\/uploads\/2021\/08\/6076B9DB-6423-468B-8969-C00077B9ED02.jpeg","jetpack_sharing_enabled":true,"jetpack_likes_enabled":true,"amp_enabled":true,"_links":{"self":[{"href":"https:\/\/encuentroinformativo.com.mx\/index.php?rest_route=\/wp\/v2\/posts\/17304","targetHints":{"allow":["GET"]}}],"collection":[{"href":"https:\/\/encuentroinformativo.com.mx\/index.php?rest_route=\/wp\/v2\/posts"}],"about":[{"href":"https:\/\/encuentroinformativo.com.mx\/index.php?rest_route=\/wp\/v2\/types\/post"}],"author":[{"embeddable":true,"href":"https:\/\/encuentroinformativo.com.mx\/index.php?rest_route=\/wp\/v2\/users\/1"}],"replies":[{"embeddable":true,"href":"https:\/\/encuentroinformativo.com.mx\/index.php?rest_route=%2Fwp%2Fv2%2Fcomments&post=17304"}],"version-history":[{"count":1,"href":"https:\/\/encuentroinformativo.com.mx\/index.php?rest_route=\/wp\/v2\/posts\/17304\/revisions"}],"predecessor-version":[{"id":17306,"href":"https:\/\/encuentroinformativo.com.mx\/index.php?rest_route=\/wp\/v2\/posts\/17304\/revisions\/17306"}],"wp:featuredmedia":[{"embeddable":true,"href":"https:\/\/encuentroinformativo.com.mx\/index.php?rest_route=\/wp\/v2\/media\/17305"}],"wp:attachment":[{"href":"https:\/\/encuentroinformativo.com.mx\/index.php?rest_route=%2Fwp%2Fv2%2Fmedia&parent=17304"}],"wp:term":[{"taxonomy":"category","embeddable":true,"href":"https:\/\/encuentroinformativo.com.mx\/index.php?rest_route=%2Fwp%2Fv2%2Fcategories&post=17304"},{"taxonomy":"post_tag","embeddable":true,"href":"https:\/\/encuentroinformativo.com.mx\/index.php?rest_route=%2Fwp%2Fv2%2Ftags&post=17304"}],"curies":[{"name":"wp","href":"https:\/\/api.w.org\/{rel}","templated":true}]}}