{"id":17321,"date":"2021-08-11T19:27:45","date_gmt":"2021-08-12T00:27:45","guid":{"rendered":"https:\/\/encuentroinformativo.com.mx\/?p=17321"},"modified":"2021-08-11T19:27:49","modified_gmt":"2021-08-12T00:27:49","slug":"se-desato-violencia-en-zona-centro-de-veracruz","status":"publish","type":"post","link":"https:\/\/encuentroinformativo.com.mx\/?p=17321","title":{"rendered":"Se desat\u00f3  violencia en zona centro de Veracruz"},"content":{"rendered":"\n<p><strong>Juan Arcos<\/strong><\/p>\n\n\n\n<p>Xalapa, Ver.- Una balacera entre presuntos secuestradores y polic\u00edas ministeriales ha dejado un saldo de un civil muerto, un oficial herido y un detenido en la localidad Campo Grande, municipio de Ixtaczoquitl\u00e1n, ubicado en la zona centro de Veracruz.<\/p>\n\n\n\n<p>Los hechos ocurrieron la tarde de este mi\u00e9rcoles, cerca del acceso a la fosa clandestina donde familiares de desaparecidos llevaban a cabo la b\u00fasqueda de restos humanos y tuvieron que ser resguardados por las fuerzas del orden.<\/p>\n\n\n\n<p>De acuerdo con los primeros reportes, tambi\u00e9n fueron asesinados un hombre y una mujer que hab\u00edan sido privados de su libertad, pero la informaci\u00f3n no ha sido confirmada por la Secretar\u00eda de Seguridad P\u00fablica (SSP).<\/p>\n\n\n\n<p>Los polic\u00edas ministeriales recibieron reporte sobre dos personas secuestradas en una presunta casa de seguridad de dicha localidad, por lo que acudieron a las calles Independencia y Cuauht\u00e9moc, donde fueron recibidos a balazos por parte de los delincuentes.<\/p>\n\n\n\n<p>Un amplio operativo fue desplegado en la zona por parte de elementos estatales y federales, donde se acordon\u00f3 el \u00e1rea para llevar a cabo las diligencias correspondientes.<\/p>\n\n\n\n<p>Los dem\u00e1s presuntos delincuentes lograron escapar, por lo que se emprendi\u00f3 la b\u00fasqueda por aire y tierra para dar con su paradero.<\/p>\n\n\n\n<p>La entrada al municipio se encuentra bloqueada por dos pipas que transportan \u201cmaterial peligroso\u201d; tambi\u00e9n hay otro cierre en la carretera federal a Fort\u00edn, a la altura de la barranca de San Miguel, donde otro veh\u00edculo de carga pesada obstruye la vialidad.<\/p>\n\n\n\n<p>En redes sociales se habla de presuntos narcobloqueos sobre la carretera C\u00f3rdoba-Orizaba, en la regi\u00f3n central de la entidad veracruzana, para evitar la llegada de m\u00e1s elementos de seguridad; sin embargo, esta informaci\u00f3n no ha sido confirmada por las autoridades.<\/p>\n\n\n\n<p><strong>DESALOJAN FISCAL\u00cdA DE C\u00d3RDOBA\u00a0<\/strong>Despu\u00e9s de estos hechos, un comando bale\u00f3 la fachada de la Fiscal\u00eda Regional en el municipio de Fort\u00edn, lo que origin\u00f3 otro movilizaci\u00f3n por parte de polic\u00edas estatales y elementos de la Guardia Nacional (GN).<\/p>\n\n\n\n<p>Por tal motivo, fue evacuado el personal de la Fiscal\u00eda Regional de C\u00f3rdoba, ubicada en la misma zona del Estado, ante la posibilidad de otro posible ataque armado.<\/p>\n\n\n\n<p>Estas oficinas quedaron al resguardo de elementos de Guardia Nacional y de la Polic\u00eda Ministerial para evitar otro atentado.<\/p>\n\n\n\n<figure class=\"wp-block-image size-large\"><img loading=\"lazy\" decoding=\"async\" width=\"960\" height=\"720\" src=\"https:\/\/encuentroinformativo.com.mx\/wp-content\/uploads\/2021\/08\/28E06443-9B4F-4A4A-B5E2-D4D810AE12DA.jpeg\" alt=\"\" class=\"wp-image-17323\" srcset=\"https:\/\/encuentroinformativo.com.mx\/wp-content\/uploads\/2021\/08\/28E06443-9B4F-4A4A-B5E2-D4D810AE12DA.jpeg 960w, https:\/\/encuentroinformativo.com.mx\/wp-content\/uploads\/2021\/08\/28E06443-9B4F-4A4A-B5E2-D4D810AE12DA-300x225.jpeg 300w, https:\/\/encuentroinformativo.com.mx\/wp-content\/uploads\/2021\/08\/28E06443-9B4F-4A4A-B5E2-D4D810AE12DA-768x576.jpeg 768w\" sizes=\"auto, (max-width: 960px) 100vw, 960px\" \/><\/figure>\n","protected":false},"excerpt":{"rendered":"<p>Juan Arcos Xalapa, Ver.- Una balacera entre presuntos secuestradores y polic\u00edas ministeriales ha dejado un saldo de un civil muerto, un oficial herido y un detenido en la localidad Campo Grande, municipio de Ixtaczoquitl\u00e1n, ubicado en la zona centro de Veracruz. Los hechos ocurrieron la tarde de este mi\u00e9rcoles, cerca del acceso a la fosa [&hellip;]<\/p>\n","protected":false},"author":1,"featured_media":17322,"comment_status":"open","ping_status":"open","sticky":false,"template":"","format":"standard","meta":{"_jetpack_memberships_contains_paid_content":false,"footnotes":""},"categories":[2],"tags":[],"class_list":["post-17321","post","type-post","status-publish","format-standard","has-post-thumbnail","hentry","category-estado"],"jetpack_featured_media_url":"https:\/\/encuentroinformativo.com.mx\/wp-content\/uploads\/2021\/08\/A6370370-D6FA-44BC-B266-4D9CECE7AB7E.jpeg","jetpack_sharing_enabled":true,"jetpack_likes_enabled":true,"amp_enabled":true,"_links":{"self":[{"href":"https:\/\/encuentroinformativo.com.mx\/index.php?rest_route=\/wp\/v2\/posts\/17321","targetHints":{"allow":["GET"]}}],"collection":[{"href":"https:\/\/encuentroinformativo.com.mx\/index.php?rest_route=\/wp\/v2\/posts"}],"about":[{"href":"https:\/\/encuentroinformativo.com.mx\/index.php?rest_route=\/wp\/v2\/types\/post"}],"author":[{"embeddable":true,"href":"https:\/\/encuentroinformativo.com.mx\/index.php?rest_route=\/wp\/v2\/users\/1"}],"replies":[{"embeddable":true,"href":"https:\/\/encuentroinformativo.com.mx\/index.php?rest_route=%2Fwp%2Fv2%2Fcomments&post=17321"}],"version-history":[{"count":1,"href":"https:\/\/encuentroinformativo.com.mx\/index.php?rest_route=\/wp\/v2\/posts\/17321\/revisions"}],"predecessor-version":[{"id":17324,"href":"https:\/\/encuentroinformativo.com.mx\/index.php?rest_route=\/wp\/v2\/posts\/17321\/revisions\/17324"}],"wp:featuredmedia":[{"embeddable":true,"href":"https:\/\/encuentroinformativo.com.mx\/index.php?rest_route=\/wp\/v2\/media\/17322"}],"wp:attachment":[{"href":"https:\/\/encuentroinformativo.com.mx\/index.php?rest_route=%2Fwp%2Fv2%2Fmedia&parent=17321"}],"wp:term":[{"taxonomy":"category","embeddable":true,"href":"https:\/\/encuentroinformativo.com.mx\/index.php?rest_route=%2Fwp%2Fv2%2Fcategories&post=17321"},{"taxonomy":"post_tag","embeddable":true,"href":"https:\/\/encuentroinformativo.com.mx\/index.php?rest_route=%2Fwp%2Fv2%2Ftags&post=17321"}],"curies":[{"name":"wp","href":"https:\/\/api.w.org\/{rel}","templated":true}]}}