{"id":17332,"date":"2021-08-12T11:18:38","date_gmt":"2021-08-12T16:18:38","guid":{"rendered":"https:\/\/encuentroinformativo.com.mx\/?p=17332"},"modified":"2021-08-12T11:18:43","modified_gmt":"2021-08-12T16:18:43","slug":"no-hay-danos-en-el-cecan-gobernador","status":"publish","type":"post","link":"https:\/\/encuentroinformativo.com.mx\/?p=17332","title":{"rendered":"No hay da\u00f1os en el CECAN: Gobernador"},"content":{"rendered":"\n<p><strong>Dar\u00edo Pale<\/strong><\/p>\n\n\n\n<p>Xalapa, Ver.- Afirma el Gobernador de Veracruz Cuitl\u00e1huac Garc\u00eda  Jim\u00e9nez que no hay da\u00f1o estructural en Centro Estatal de Cancerolog\u00eda (CECAN) &#8220;Dr. Miguel Dorantes Mesa&#8221;, al igual que neg\u00f3 que se hayan trasladado pacientes al gimnasio municipal de El Fovissste.<\/p>\n\n\n\n<p>En entrevista televisiva del canal estatal, neg\u00f3 que los pacientes evacuados este jueves hayan sido trasladados al gimnasio municipal de la unidad habitacional de El Fovissste, se\u00f1al\u00f3 que se trat\u00f3 de una situaci\u00f3n por las vibraciones no muy comunes y lo mejor era evacuar.<\/p>\n\n\n\n<p>Afirm\u00f3 que durante la madrugada se registr\u00f3 un sismo imperceptible de 4 grados en la escala de Richter, pero hab\u00eda que hacer peritajes, &#8220;no hay nada, no hay ning\u00fan da\u00f1o, es falso, ni explosivos, no, r\u00e1pidamente inform\u00f3 lo que hab\u00eda sucedido y que se tiene que hacer el protocolo&#8221;.<\/p>\n\n\n\n<p>Garc\u00eda Jim\u00e9nez refiri\u00f3 que se dio a conocer que los pacientes hab\u00edan sido trasladados al gimnasio municipal, lo cual neg\u00f3, ya que sostuvo fueron trasladados al hospital psiqui\u00e1trico, que se ubica al lado del CECAN.<\/p>\n\n\n\n<p>Finalmente se\u00f1al\u00f3 que &#8220;no, no se pueden trasladar. Los del piso est\u00e1n al lado&#8221;.<\/p>\n","protected":false},"excerpt":{"rendered":"<p>Dar\u00edo Pale Xalapa, Ver.- Afirma el Gobernador de Veracruz Cuitl\u00e1huac Garc\u00eda Jim\u00e9nez que no hay da\u00f1o estructural en Centro Estatal de Cancerolog\u00eda (CECAN) &#8220;Dr. Miguel Dorantes Mesa&#8221;, al igual que neg\u00f3 que se hayan trasladado pacientes al gimnasio municipal de El Fovissste. En entrevista televisiva del canal estatal, neg\u00f3 que los pacientes evacuados este jueves [&hellip;]<\/p>\n","protected":false},"author":1,"featured_media":17333,"comment_status":"open","ping_status":"open","sticky":false,"template":"","format":"standard","meta":{"_jetpack_memberships_contains_paid_content":false,"footnotes":""},"categories":[9],"tags":[],"class_list":["post-17332","post","type-post","status-publish","format-standard","has-post-thumbnail","hentry","category-salud"],"jetpack_featured_media_url":"https:\/\/encuentroinformativo.com.mx\/wp-content\/uploads\/2021\/08\/DFD05D5B-439C-4F91-9CC3-702824839925.jpeg","jetpack_sharing_enabled":true,"jetpack_likes_enabled":true,"amp_enabled":true,"_links":{"self":[{"href":"https:\/\/encuentroinformativo.com.mx\/index.php?rest_route=\/wp\/v2\/posts\/17332","targetHints":{"allow":["GET"]}}],"collection":[{"href":"https:\/\/encuentroinformativo.com.mx\/index.php?rest_route=\/wp\/v2\/posts"}],"about":[{"href":"https:\/\/encuentroinformativo.com.mx\/index.php?rest_route=\/wp\/v2\/types\/post"}],"author":[{"embeddable":true,"href":"https:\/\/encuentroinformativo.com.mx\/index.php?rest_route=\/wp\/v2\/users\/1"}],"replies":[{"embeddable":true,"href":"https:\/\/encuentroinformativo.com.mx\/index.php?rest_route=%2Fwp%2Fv2%2Fcomments&post=17332"}],"version-history":[{"count":1,"href":"https:\/\/encuentroinformativo.com.mx\/index.php?rest_route=\/wp\/v2\/posts\/17332\/revisions"}],"predecessor-version":[{"id":17334,"href":"https:\/\/encuentroinformativo.com.mx\/index.php?rest_route=\/wp\/v2\/posts\/17332\/revisions\/17334"}],"wp:featuredmedia":[{"embeddable":true,"href":"https:\/\/encuentroinformativo.com.mx\/index.php?rest_route=\/wp\/v2\/media\/17333"}],"wp:attachment":[{"href":"https:\/\/encuentroinformativo.com.mx\/index.php?rest_route=%2Fwp%2Fv2%2Fmedia&parent=17332"}],"wp:term":[{"taxonomy":"category","embeddable":true,"href":"https:\/\/encuentroinformativo.com.mx\/index.php?rest_route=%2Fwp%2Fv2%2Fcategories&post=17332"},{"taxonomy":"post_tag","embeddable":true,"href":"https:\/\/encuentroinformativo.com.mx\/index.php?rest_route=%2Fwp%2Fv2%2Ftags&post=17332"}],"curies":[{"name":"wp","href":"https:\/\/api.w.org\/{rel}","templated":true}]}}