{"id":17342,"date":"2021-08-12T13:52:44","date_gmt":"2021-08-12T18:52:44","guid":{"rendered":"https:\/\/encuentroinformativo.com.mx\/?p=17342"},"modified":"2021-08-12T13:52:49","modified_gmt":"2021-08-12T18:52:49","slug":"ahora-en-el-tejar-rechazan-instalacion-de-locales-comerciales","status":"publish","type":"post","link":"https:\/\/encuentroinformativo.com.mx\/?p=17342","title":{"rendered":"Ahora en El Tejar, rechazan instalaci\u00f3n de locales comerciales"},"content":{"rendered":"\n<p><strong>Juan Arcos<\/strong><\/p>\n\n\n\n<p>Xalapa, Ver.- Vecinos del fraccionamiento Lomas del Tejar colocaron cinco lonas sobre distintas calles, en rechazo a la posible construcci\u00f3n de departamentos, oficinas y locales comerciales en la zona.<\/p>\n\n\n\n<p>La gente se opone al cambio de uso de suelo en esta zona urbana, ubicada entre las avenidas Murillo Vidal y 20 de Noviembre, cerca de la Central de Autobuses de Xalapa (CAXA).<\/p>\n\n\n\n<p>\u201cFraccionamiento Lomas del Tejar Barrio B-27, uso de suelo habitacional densidad baja, unifamiliar, no departamentos, ni oficinas, ni locales comerciales\u201d, se lee en algunos mensajes.<\/p>\n\n\n\n<p>De acuerdo con Miguel Ch\u00e1zaro, uno de los habitantes, la apertura de sitios comerciales atentar\u00eda contra la tranquilidad de los residentes.<\/p>\n\n\n\n<p>El entrevistado enfatiz\u00f3 que el fraccionamiento es \u201cunifamiliar\u201d, es decir, donde habita solo una familia en cada vivienda.<\/p>\n\n\n\n<p>\u201cEste fraccionamiento no fue autorizado para multifamilares, s\u00f3lo es unifamiliar, residencial, quiere decir que debe haber una familia en cada lote\u201d.<\/p>\n\n\n\n<p>La Asociaci\u00f3n de Vecinos del Fraccionamiento Lomas del Tejar coloc\u00f3 las lonas hace 15 d\u00edas, tres de ellas sobre la calle principal, toda vez que cerca de Murillo Vidal se lleva a cabo una obra y las autoridades municipales no han informado a la gente de qu\u00e9 se trata.<\/p>\n\n\n\n<p>Dicho fraccionamiento fue construido hace m\u00e1s de 40 a\u00f1os y es considerado de alta plusval\u00eda en la capital del estado de Veracruz.\u00a0<br>Los vecinos est\u00e1n a la espera de que autoridades municipales den respuesta a sus solicitudes, presentadas por escrito, para conocer el proyecto de la obra que se realiza sobre la calle Lomas del Tejar.<\/p>\n\n\n\n<figure class=\"wp-block-image size-large\"><img loading=\"lazy\" decoding=\"async\" width=\"1024\" height=\"636\" src=\"https:\/\/encuentroinformativo.com.mx\/wp-content\/uploads\/2021\/08\/87EF1D0B-D8D3-4646-8AB3-654B81126C84-1024x636.jpeg\" alt=\"\" class=\"wp-image-17344\" srcset=\"https:\/\/encuentroinformativo.com.mx\/wp-content\/uploads\/2021\/08\/87EF1D0B-D8D3-4646-8AB3-654B81126C84-1024x636.jpeg 1024w, https:\/\/encuentroinformativo.com.mx\/wp-content\/uploads\/2021\/08\/87EF1D0B-D8D3-4646-8AB3-654B81126C84-300x186.jpeg 300w, https:\/\/encuentroinformativo.com.mx\/wp-content\/uploads\/2021\/08\/87EF1D0B-D8D3-4646-8AB3-654B81126C84-768x477.jpeg 768w, https:\/\/encuentroinformativo.com.mx\/wp-content\/uploads\/2021\/08\/87EF1D0B-D8D3-4646-8AB3-654B81126C84-1536x954.jpeg 1536w, https:\/\/encuentroinformativo.com.mx\/wp-content\/uploads\/2021\/08\/87EF1D0B-D8D3-4646-8AB3-654B81126C84.jpeg 1600w\" sizes=\"auto, (max-width: 1024px) 100vw, 1024px\" \/><\/figure>\n","protected":false},"excerpt":{"rendered":"<p>Juan Arcos Xalapa, Ver.- Vecinos del fraccionamiento Lomas del Tejar colocaron cinco lonas sobre distintas calles, en rechazo a la posible construcci\u00f3n de departamentos, oficinas y locales comerciales en la zona. La gente se opone al cambio de uso de suelo en esta zona urbana, ubicada entre las avenidas Murillo Vidal y 20 de Noviembre, [&hellip;]<\/p>\n","protected":false},"author":1,"featured_media":17343,"comment_status":"open","ping_status":"open","sticky":false,"template":"","format":"standard","meta":{"_jetpack_memberships_contains_paid_content":false,"footnotes":""},"categories":[3],"tags":[],"class_list":["post-17342","post","type-post","status-publish","format-standard","has-post-thumbnail","hentry","category-xalapa"],"jetpack_featured_media_url":"https:\/\/encuentroinformativo.com.mx\/wp-content\/uploads\/2021\/08\/9FA319C5-AF52-4BB7-A833-19D4B8EF77EA.jpeg","jetpack_sharing_enabled":true,"jetpack_likes_enabled":true,"amp_enabled":true,"_links":{"self":[{"href":"https:\/\/encuentroinformativo.com.mx\/index.php?rest_route=\/wp\/v2\/posts\/17342","targetHints":{"allow":["GET"]}}],"collection":[{"href":"https:\/\/encuentroinformativo.com.mx\/index.php?rest_route=\/wp\/v2\/posts"}],"about":[{"href":"https:\/\/encuentroinformativo.com.mx\/index.php?rest_route=\/wp\/v2\/types\/post"}],"author":[{"embeddable":true,"href":"https:\/\/encuentroinformativo.com.mx\/index.php?rest_route=\/wp\/v2\/users\/1"}],"replies":[{"embeddable":true,"href":"https:\/\/encuentroinformativo.com.mx\/index.php?rest_route=%2Fwp%2Fv2%2Fcomments&post=17342"}],"version-history":[{"count":1,"href":"https:\/\/encuentroinformativo.com.mx\/index.php?rest_route=\/wp\/v2\/posts\/17342\/revisions"}],"predecessor-version":[{"id":17345,"href":"https:\/\/encuentroinformativo.com.mx\/index.php?rest_route=\/wp\/v2\/posts\/17342\/revisions\/17345"}],"wp:featuredmedia":[{"embeddable":true,"href":"https:\/\/encuentroinformativo.com.mx\/index.php?rest_route=\/wp\/v2\/media\/17343"}],"wp:attachment":[{"href":"https:\/\/encuentroinformativo.com.mx\/index.php?rest_route=%2Fwp%2Fv2%2Fmedia&parent=17342"}],"wp:term":[{"taxonomy":"category","embeddable":true,"href":"https:\/\/encuentroinformativo.com.mx\/index.php?rest_route=%2Fwp%2Fv2%2Fcategories&post=17342"},{"taxonomy":"post_tag","embeddable":true,"href":"https:\/\/encuentroinformativo.com.mx\/index.php?rest_route=%2Fwp%2Fv2%2Ftags&post=17342"}],"curies":[{"name":"wp","href":"https:\/\/api.w.org\/{rel}","templated":true}]}}