{"id":17346,"date":"2021-08-12T14:02:19","date_gmt":"2021-08-12T19:02:19","guid":{"rendered":"https:\/\/encuentroinformativo.com.mx\/?p=17346"},"modified":"2021-08-12T14:02:21","modified_gmt":"2021-08-12T19:02:21","slug":"por-enfrentamientos-4-personas-perdieron-la-vida-fge","status":"publish","type":"post","link":"https:\/\/encuentroinformativo.com.mx\/?p=17346","title":{"rendered":"Por enfrentamientos 4 personas perdieron la vida: FGE"},"content":{"rendered":"\n<p><strong>Juan Arcos\/Dar\u00edo Pale<\/strong><\/p>\n\n\n\n<p>Xalapa, Ver.- La titular de la Fiscal\u00eda General del Estado de Veracruz (FGE), Ver\u00f3nica Hern\u00e1ndez Giad\u00e1ns, revel\u00f3 que cuatro personas murieron, un polic\u00eda ministerial result\u00f3 herido y varias patrullas fueron da\u00f1adas, luego de los hechos violentos registrados la tarde del mi\u00e9rcoles en tres municipios de la zona central monta\u00f1osa de Veracruz.<\/p>\n\n\n\n<p>Motivo por el cual considero que los hechos de violencia suscitados en la zona centro del estado son una respuesta a los resultados del combate frontal a la delincuencia<\/p>\n\n\n\n<p>En un mensaje transmitido en redes sociales, la funcionaria estatal record\u00f3 que los ministeriales daban cumplimiento a una orden de aprehensi\u00f3n en la localidad Campo Grande, municipio de Iztaczoquitl\u00e1n, tras detectar una casa de seguridad donde se encontraban diez miembros de una banda delictiva, lo que deriv\u00f3 en un enfrentamiento armado.<\/p>\n\n\n\n<p>En el sitio, dos presuntos delincuentes murieron, despu\u00e9s de haber herido a un polic\u00eda ministerial, cuyo estado de salud, hasta este momento, se reporta estable.<\/p>\n\n\n\n<p>A unos 300 metros de estos hechos, se localiz\u00f3 una segunda casa de seguridad, donde fueron encontrados un hombre y una mujer sin vida, quienes hab\u00edan sido privados de su libertad hace unos d\u00edas.<\/p>\n\n\n\n<p>\u201cEn este caso, elementos de la Secretar\u00eda de Seguridad detuvieron a cinco integrantes del grupo delictivo que ser\u00e1n llevados ante un juez correspondiente para determinar su situaci\u00f3n jur\u00eddica\u201d, expres\u00f3.<\/p>\n\n\n\n<p>Hern\u00e1ndez Giad\u00e1ns detall\u00f3 que minutos despu\u00e9s de la detenci\u00f3n y enfrentamiento en Ixtaczoquitl\u00e1n, fueron baleadas las instalaciones de la Fiscal\u00eda en los municipios de Fort\u00edn y Tezonapa, donde tambi\u00e9n fueron incendiados veh\u00edculos oficiales.<\/p>\n\n\n\n<p>Sin embargo, puntualiz\u00f3 que s\u00f3lo se reportaron da\u00f1os materiales en la instituci\u00f3n, sin registro de personas lesionadas.<\/p>\n\n\n\n<p>\u201cAnte estos hechos, enfocaremos todos nuestros esfuerzos institucionales para dar con los responsables de estos cobardes actos y llevarlos ante la justicia. Es imperativo dejar en claro que estos ataques nos indican que estamos dando resultados al combatir frontalmente a la delincuencia\u201d, enfatiz\u00f3.<\/p>\n\n\n\n<p>Finalmente se\u00f1al\u00f3 que gracias a la respuesta inmediata de las fuerzas polic\u00edacas federales y estatales, no hubo lesionados ni civiles, ni funcionarios, por lo que reiter\u00f3, a trav\u00e9s de un mensaje, que se lograr\u00e1 dar con los responsables de estos ataques y puntualiz\u00f3 que la FGE no se doblegar\u00e1 antes estos grupos criminales.<\/p>\n","protected":false},"excerpt":{"rendered":"<p>Juan Arcos\/Dar\u00edo Pale Xalapa, Ver.- La titular de la Fiscal\u00eda General del Estado de Veracruz (FGE), Ver\u00f3nica Hern\u00e1ndez Giad\u00e1ns, revel\u00f3 que cuatro personas murieron, un polic\u00eda ministerial result\u00f3 herido y varias patrullas fueron da\u00f1adas, luego de los hechos violentos registrados la tarde del mi\u00e9rcoles en tres municipios de la zona central monta\u00f1osa de Veracruz. Motivo [&hellip;]<\/p>\n","protected":false},"author":1,"featured_media":17347,"comment_status":"open","ping_status":"open","sticky":false,"template":"","format":"standard","meta":{"_jetpack_memberships_contains_paid_content":false,"footnotes":""},"categories":[2],"tags":[],"class_list":["post-17346","post","type-post","status-publish","format-standard","has-post-thumbnail","hentry","category-estado"],"jetpack_featured_media_url":"https:\/\/encuentroinformativo.com.mx\/wp-content\/uploads\/2021\/08\/215E69D3-C759-4F31-A304-3D7188F672D3.jpeg","jetpack_sharing_enabled":true,"jetpack_likes_enabled":true,"amp_enabled":true,"_links":{"self":[{"href":"https:\/\/encuentroinformativo.com.mx\/index.php?rest_route=\/wp\/v2\/posts\/17346","targetHints":{"allow":["GET"]}}],"collection":[{"href":"https:\/\/encuentroinformativo.com.mx\/index.php?rest_route=\/wp\/v2\/posts"}],"about":[{"href":"https:\/\/encuentroinformativo.com.mx\/index.php?rest_route=\/wp\/v2\/types\/post"}],"author":[{"embeddable":true,"href":"https:\/\/encuentroinformativo.com.mx\/index.php?rest_route=\/wp\/v2\/users\/1"}],"replies":[{"embeddable":true,"href":"https:\/\/encuentroinformativo.com.mx\/index.php?rest_route=%2Fwp%2Fv2%2Fcomments&post=17346"}],"version-history":[{"count":1,"href":"https:\/\/encuentroinformativo.com.mx\/index.php?rest_route=\/wp\/v2\/posts\/17346\/revisions"}],"predecessor-version":[{"id":17348,"href":"https:\/\/encuentroinformativo.com.mx\/index.php?rest_route=\/wp\/v2\/posts\/17346\/revisions\/17348"}],"wp:featuredmedia":[{"embeddable":true,"href":"https:\/\/encuentroinformativo.com.mx\/index.php?rest_route=\/wp\/v2\/media\/17347"}],"wp:attachment":[{"href":"https:\/\/encuentroinformativo.com.mx\/index.php?rest_route=%2Fwp%2Fv2%2Fmedia&parent=17346"}],"wp:term":[{"taxonomy":"category","embeddable":true,"href":"https:\/\/encuentroinformativo.com.mx\/index.php?rest_route=%2Fwp%2Fv2%2Fcategories&post=17346"},{"taxonomy":"post_tag","embeddable":true,"href":"https:\/\/encuentroinformativo.com.mx\/index.php?rest_route=%2Fwp%2Fv2%2Ftags&post=17346"}],"curies":[{"name":"wp","href":"https:\/\/api.w.org\/{rel}","templated":true}]}}