{"id":1735,"date":"2020-04-09T15:22:09","date_gmt":"2020-04-09T20:22:09","guid":{"rendered":"https:\/\/encuentroinformativo.com\/?p=1735"},"modified":"2020-04-09T15:22:13","modified_gmt":"2020-04-09T20:22:13","slug":"activistas-repudian-asesinato-de-adan-vez","status":"publish","type":"post","link":"https:\/\/encuentroinformativo.com.mx\/?p=1735","title":{"rendered":"Activistas repudian asesinato de Ad\u00e1n Vez"},"content":{"rendered":"\n<p><strong>Juan Arcos <\/strong><\/p>\n\n\n\n<p>Xalapa, Ver.- Ambientalistas y defensores de derechos humanos repudiaron el asesinato del activista Ad\u00e1n Vez Lira.<\/p>\n\n\n\n<p>En un pronunciamiento, diversas organizaciones civiles exigieron justicia al gobierno federal y estatal.<\/p>\n\n\n\n<p>La carta circula en redes sociales y est\u00e1 firmada por el Instituto de Ecolog\u00eda (Inecol), La Asamblea Veracruzana de Iniciativas y Defensa Ambiental (Lavida), Pronatura, Asociaci\u00f3n de Pobladores, Centro Mexicano de Derecho Ambiental, Uni\u00f3n Veracruzana de Pueblos Libres de Miner\u00eda T\u00f3xica y Pueblos Unidos por la Dignidad y la Vida.<\/p>\n\n\n\n<p>Todos ellos reclamaron que sea esclarecido el caso y se proceda contra los responsables materiales e intelectuales de este asesinato.<\/p>\n\n\n\n<p>Recordaron al gobierno que Vez Lira fue un importante activista y defensor de la vida y el territorio, pues labor\u00f3 incansablemente por la protecci\u00f3n de los manglares, las dunas y todos los ecosistemas de la costa central de Veracruz.<\/p>\n\n\n\n<p>Tambi\u00e9n se desempe\u00f1\u00f3 como integrante activo de los Ecogu\u00edas de La Mancha y organiz\u00f3 m\u00faltiples festivales de aves, eventos de reforestaci\u00f3n, educaci\u00f3n ambiental y particip\u00f3 activamente en la defensa de la regi\u00f3n frente a la imposici\u00f3n de grandes proyectos de miner\u00eda a cielo abierto.<\/p>\n\n\n\n<p>Cabe recordar que Ad\u00e1n fue asesinado el mi\u00e9rcoles 8 de abril en un paraje hacia La Mancha y Palmas de Abajo, municipio de Actopan.<\/p>\n\n\n\n<p>El activista recibi\u00f3 varios impactos de bala cuando transitaba en su motocicleta.<\/p>\n\n\n\n<p>\u201cAlto a los ataques a personas defensoras de la vida y el territorio\u201d, \u201cjusticia para los pueblos\u201d y \u201cla resistencia contin\u00faa\u201d, se lee en la carta.<br><\/p>\n\n\n\n<p><\/p>\n","protected":false},"excerpt":{"rendered":"<p>Juan Arcos Xalapa, Ver.- Ambientalistas y defensores de derechos humanos repudiaron el asesinato del activista Ad\u00e1n Vez Lira. En un pronunciamiento, diversas organizaciones civiles exigieron justicia al gobierno federal y estatal. La carta circula en redes sociales y est\u00e1 firmada por el Instituto de Ecolog\u00eda (Inecol), La Asamblea Veracruzana de Iniciativas y Defensa Ambiental (Lavida), [&hellip;]<\/p>\n","protected":false},"author":1,"featured_media":1736,"comment_status":"open","ping_status":"open","sticky":false,"template":"","format":"standard","meta":{"_jetpack_memberships_contains_paid_content":false,"footnotes":""},"categories":[8],"tags":[],"class_list":["post-1735","post","type-post","status-publish","format-standard","has-post-thumbnail","hentry","category-region"],"jetpack_featured_media_url":"https:\/\/encuentroinformativo.com.mx\/wp-content\/uploads\/2020\/04\/F24704E7-8112-401A-A8A4-4A70CA699086.jpeg","jetpack_sharing_enabled":true,"jetpack_likes_enabled":true,"amp_enabled":true,"_links":{"self":[{"href":"https:\/\/encuentroinformativo.com.mx\/index.php?rest_route=\/wp\/v2\/posts\/1735","targetHints":{"allow":["GET"]}}],"collection":[{"href":"https:\/\/encuentroinformativo.com.mx\/index.php?rest_route=\/wp\/v2\/posts"}],"about":[{"href":"https:\/\/encuentroinformativo.com.mx\/index.php?rest_route=\/wp\/v2\/types\/post"}],"author":[{"embeddable":true,"href":"https:\/\/encuentroinformativo.com.mx\/index.php?rest_route=\/wp\/v2\/users\/1"}],"replies":[{"embeddable":true,"href":"https:\/\/encuentroinformativo.com.mx\/index.php?rest_route=%2Fwp%2Fv2%2Fcomments&post=1735"}],"version-history":[{"count":1,"href":"https:\/\/encuentroinformativo.com.mx\/index.php?rest_route=\/wp\/v2\/posts\/1735\/revisions"}],"predecessor-version":[{"id":1737,"href":"https:\/\/encuentroinformativo.com.mx\/index.php?rest_route=\/wp\/v2\/posts\/1735\/revisions\/1737"}],"wp:featuredmedia":[{"embeddable":true,"href":"https:\/\/encuentroinformativo.com.mx\/index.php?rest_route=\/wp\/v2\/media\/1736"}],"wp:attachment":[{"href":"https:\/\/encuentroinformativo.com.mx\/index.php?rest_route=%2Fwp%2Fv2%2Fmedia&parent=1735"}],"wp:term":[{"taxonomy":"category","embeddable":true,"href":"https:\/\/encuentroinformativo.com.mx\/index.php?rest_route=%2Fwp%2Fv2%2Fcategories&post=1735"},{"taxonomy":"post_tag","embeddable":true,"href":"https:\/\/encuentroinformativo.com.mx\/index.php?rest_route=%2Fwp%2Fv2%2Ftags&post=1735"}],"curies":[{"name":"wp","href":"https:\/\/api.w.org\/{rel}","templated":true}]}}