{"id":17352,"date":"2021-08-12T19:05:52","date_gmt":"2021-08-13T00:05:52","guid":{"rendered":"https:\/\/encuentroinformativo.com.mx\/?p=17352"},"modified":"2021-08-12T19:05:57","modified_gmt":"2021-08-13T00:05:57","slug":"se-accidenta-autobus-que-transportaba-laguneros","status":"publish","type":"post","link":"https:\/\/encuentroinformativo.com.mx\/?p=17352","title":{"rendered":"Se accidenta autob\u00fas que transportaba \u201claguneros\u201d"},"content":{"rendered":"\n<p><strong>Redacci\u00f3n<\/strong><\/p>\n\n\n\n<p>Xalapa, Ver.- La tarde de este jueves se registr\u00f3 un fuerte accidente en la carretera federal 180 tramo Laguna Verde &#8211; Cardel, al impactarse un autob\u00fas que transportaba trabajadores de Laguna Verde con un tr\u00e1iler a la altura de la zona de El Farall\u00f3n. <\/p>\n\n\n\n<p>A trav\u00e9s de redes sociales circularon fotograf\u00edas sobre la zona de accidente y los cuerpos de auxilio que arribaron a prestar ayuda a los lesionados. De manera extraoficial se habla de que al menos 3 personas perdieron la vida.<\/p>\n\n\n\n<p>Ante la magnitud del percance vehicular el tr\u00e1fico sobre la v\u00eda la comunicaci\u00f3n se encuentra cerrado. A continuaci\u00f3n el comunicado oficial de las autoridades de la Secretar\u00eda de Protecci\u00f3n Civil: <\/p>\n\n\n\n<p>La Secretaria de Protecci\u00f3n Civil del Gobierno del Estado de Veracruz<br>Informa:<br><em>Accidente vehicular y desviaci\u00f3n de circulaci\u00f3n en Actopan<\/em> > Esta tarde se tiene el <em>reporte preliminar<\/em> de un accidente vehicular en la autopista Nautla &#8211; Cardel a la altura de Laguna Verde, en la que se ven involucrados un autob\u00fas, un tractocami\u00f3n y una camioneta, siento reportadas en el lugar 12 personas lesionadas y 2 fallecidas.<\/p>\n\n\n\n<p><em>La circulaci\u00f3n se encuentra obstruida en ambos sentidos, por lo cu\u00e1l se recomienda tomar como v\u00eda alterna el tramo carretero Tinajitas &#8211; Palma de Abajo (como referencia, puente del Tajo).<\/em><\/p>\n\n\n\n<p>En el punto se encuentran elementos de fuerza f\u00edsica y bomberos de Laguna Verde, PC estatal, IPAx, Fuerza Civil, Polic\u00eda Municipal, Bomberos La Antigua, as\u00ed como Cruz Roja Palma Sola y Cardel.<\/p>\n","protected":false},"excerpt":{"rendered":"<p>Redacci\u00f3n Xalapa, Ver.- La tarde de este jueves se registr\u00f3 un fuerte accidente en la carretera federal 180 tramo Laguna Verde &#8211; Cardel, al impactarse un autob\u00fas que transportaba trabajadores de Laguna Verde con un tr\u00e1iler a la altura de la zona de El Farall\u00f3n. A trav\u00e9s de redes sociales circularon fotograf\u00edas sobre la zona [&hellip;]<\/p>\n","protected":false},"author":1,"featured_media":17353,"comment_status":"open","ping_status":"open","sticky":false,"template":"","format":"standard","meta":{"_jetpack_memberships_contains_paid_content":false,"footnotes":""},"categories":[2],"tags":[],"class_list":["post-17352","post","type-post","status-publish","format-standard","has-post-thumbnail","hentry","category-estado"],"jetpack_featured_media_url":"https:\/\/encuentroinformativo.com.mx\/wp-content\/uploads\/2021\/08\/3EB3FCB2-CC41-412C-AEF9-BBF8E58D460B.jpeg","jetpack_sharing_enabled":true,"jetpack_likes_enabled":true,"amp_enabled":true,"_links":{"self":[{"href":"https:\/\/encuentroinformativo.com.mx\/index.php?rest_route=\/wp\/v2\/posts\/17352","targetHints":{"allow":["GET"]}}],"collection":[{"href":"https:\/\/encuentroinformativo.com.mx\/index.php?rest_route=\/wp\/v2\/posts"}],"about":[{"href":"https:\/\/encuentroinformativo.com.mx\/index.php?rest_route=\/wp\/v2\/types\/post"}],"author":[{"embeddable":true,"href":"https:\/\/encuentroinformativo.com.mx\/index.php?rest_route=\/wp\/v2\/users\/1"}],"replies":[{"embeddable":true,"href":"https:\/\/encuentroinformativo.com.mx\/index.php?rest_route=%2Fwp%2Fv2%2Fcomments&post=17352"}],"version-history":[{"count":1,"href":"https:\/\/encuentroinformativo.com.mx\/index.php?rest_route=\/wp\/v2\/posts\/17352\/revisions"}],"predecessor-version":[{"id":17354,"href":"https:\/\/encuentroinformativo.com.mx\/index.php?rest_route=\/wp\/v2\/posts\/17352\/revisions\/17354"}],"wp:featuredmedia":[{"embeddable":true,"href":"https:\/\/encuentroinformativo.com.mx\/index.php?rest_route=\/wp\/v2\/media\/17353"}],"wp:attachment":[{"href":"https:\/\/encuentroinformativo.com.mx\/index.php?rest_route=%2Fwp%2Fv2%2Fmedia&parent=17352"}],"wp:term":[{"taxonomy":"category","embeddable":true,"href":"https:\/\/encuentroinformativo.com.mx\/index.php?rest_route=%2Fwp%2Fv2%2Fcategories&post=17352"},{"taxonomy":"post_tag","embeddable":true,"href":"https:\/\/encuentroinformativo.com.mx\/index.php?rest_route=%2Fwp%2Fv2%2Ftags&post=17352"}],"curies":[{"name":"wp","href":"https:\/\/api.w.org\/{rel}","templated":true}]}}