{"id":17355,"date":"2021-08-13T08:55:15","date_gmt":"2021-08-13T13:55:15","guid":{"rendered":"https:\/\/encuentroinformativo.com.mx\/?p=17355"},"modified":"2021-08-13T08:55:19","modified_gmt":"2021-08-13T13:55:19","slug":"amlo-a-favor-del-gas-natural-aca-en-la-aldea-lo-batearon","status":"publish","type":"post","link":"https:\/\/encuentroinformativo.com.mx\/?p=17355","title":{"rendered":"AMLO A FAVOR DEL GAS NATURAL; AC\u00c1 EN LA ALDEA LO BATEARON"},"content":{"rendered":"\n<p><strong>@pablojair<br><br>+ Cuitl\u00e1huac le recuerda a los Yunes su pacto con Duarte.<br>+ El abogado Reyes Peralta le da bienvenida a Cascarita.<br>+ Perseguidos por Yunes le contestan lo de \u201cpresos pol\u00edticos\u201d.<br><br><em>La neta nunca recuper\u00f3 nada, todo fue un show.<br>No haga berrinche ni se haga el digno.<br>Eso le pasa por andar de \u201ccobr\u00f3n\u201d de facturas.<br>\u2014Chopenjawer<\/em><\/strong><\/p>\n\n\n\n<p>Hace algunos a\u00f1os, vecinos de la zona residencial de La Ordu\u00f1a, en Coatepec, comenzaron una campa\u00f1a en contra de la instalaci\u00f3n de un gasoducto que estaba construyendo la planta Nestl\u00e9 ubicada en la entrada de la ciudad.<\/p>\n\n\n\n<p>Sus argumentos plasmados en lonas y carteles colocados en esa parte de la ciudad conocida tambi\u00e9n como La Florida \u2014bastante alarmistas, por cierto\u2014 eran que sus vidas peligraban por el supuesto riesgo que les representaba tener esa l\u00ednea de gas cerca de sus viviendas. Llegaron a incluso a decir que podr\u00eda pasar lo que ocurri\u00f3 en Guadalajara, Jalisco, el 22 de abril de 1992, cuando explotaron varias calles por gasolina derramada en las alcantarillas; o hasta con el caso San Juanico en 19 de noviembre de 1984, cuando explotaron tanques de almacenamiento de Pemex.<\/p>\n\n\n\n<p>Quienes aprovecharon la situaci\u00f3n para capitalizar electoralmente fueron varios pol\u00edticos que decidieron sumarse a la negativa e impedir la instalaci\u00f3n del gasoducto, pese a que hab\u00eda se\u00f1ales de construcci\u00f3n desde la entrada de Xalapa, viniendo del municipio de Emiliano Zapata.<\/p>\n\n\n\n<p>Se habla de que en el proyecto de Nestl\u00e9 ya ten\u00edan o tienen un Plan B; o sea, otra ruta, pero hasta donde se sabe fue paralizado el proyecto original.<\/p>\n\n\n\n<p>La ma\u00f1ana de&nbsp;<a href=\"outlook-data-detector:\/\/3\">este jueves<\/a>, en la conferencia \u201cma\u00f1anera\u201d del presidente Andr\u00e9s Manuel L\u00f3pez Obrador, tambi\u00e9n habl\u00f3 del gas natural, de sus beneficios y que habr\u00e1 un gasoducto a lo largo del Istmo de Tehuantepec.<\/p>\n\n\n\n<p>De hecho dijo textual: \u201csi se introduce el gas natural en viviendas lo m\u00e1s que se pueda, no s\u00f3lo podemos distribuir as\u00ed los excedentes de gas natural que se tienen, que se est\u00e1n pagando y no se usa, no s\u00f3lo es eso, es enderezar un entuerto, una herencia de tantas que recibimos \u00bfno?, por la corrupci\u00f3n, sino que tambi\u00e9n se va a beneficiar la gente, porque resulta m\u00e1s barato el utilizar ese gas\u2026 Aun cuando se habla de que tiene menos calor, que tarda m\u00e1s en que se preparen los alimentos, de todas formas, es m\u00e1s barato ese gas. Est\u00e1 estudiado, est\u00e1 comprobado\u201d.<\/p>\n\n\n\n<p>Mencion\u00f3 que visitar\u00e1 el Istmo en 15 o 20 d\u00edas para supervisar el avance del Corredor Interoce\u00e1nico en los dos puertos: Salina Cruz, Oaxaca, y Coatzacoalcos, Veracruz, as\u00ed como el avance en la adquisici\u00f3n de los terrenos para los 10 parques industriales (de los cuales ya se tienen ocho), y la rehabilitaci\u00f3n en la v\u00eda del ferrocarril y el gasoducto.<\/p>\n\n\n\n<p>Sobre el tema del gasoducto, explic\u00f3 que existe un excedente del 40% de gas natural, por lo que se planea llevarlo al consumo dom\u00e9stico.<\/p>\n\n\n\n<p>\u201cEn el gobierno anterior se compr\u00f3 mucho gas, se hicieron acuerdos, contratos con empresas, se cometi\u00f3 ese error porque para hacer los gasoductos argumentaron o usaron como pretexto que se iban a construir 12 termoel\u00e9ctricas y que se requer\u00eda ese gas. No se construyeron las 12 termoel\u00e9ctricas, pero s\u00ed se dieron los contratos, por cierto, leoninos para comprar el gas y ahora resulta que tenemos gas contratado, aun cuando hicimos una negociaci\u00f3n y se baj\u00f3 el precio por el transporte del gas, las tarifas, de todas maneras, tenemos un excedente del 40 por ciento de todo el gas que se adquiri\u00f3 mediante esos contratos y tenemos que buscar la forma de comercializarlo\u201d.<\/p>\n\n\n\n<p>L\u00f3pez Obrador abund\u00f3 en el tema y plante\u00f3 la posibilidad de utilizar gas natural para el servicio dom\u00e9stico, as\u00ed como se utiliza el gas LP, nada m\u00e1s que se requieren instalaciones y se requiere que se rompan las calles para introducir tuber\u00eda.<\/p>\n\n\n\n<p>\u201cQueremos llegar a acuerdos con las colonias, con la gente de las ciudades, porque si garantizamos que se abran las calles para que se establezcan las instalaciones y llevar el gas natural hasta las casas, hasta las unidades habitacionales y se arreglen bien las calles despu\u00e9s, que es por lo que la gente muchas veces se opone, porque abren las zanjas y las dejan abiertas de manera muy irresponsable, si hacemos este acuerdo y se lleva el gas, se van a beneficiar muchos consumidores\u201d.<\/p>\n\n\n\n<p>A ver si aqu\u00ed en la aldea escuchan al presidente. Hay pa\u00edses donde el gas natural es usual para las tareas cotidianas y aqu\u00ed incre\u00edblemente lo tenemos, pero no lo explotamos, m\u00e1s que para burdas campa\u00f1as pol\u00edticas.<\/p>\n\n\n\n<p>Lo dicho, M\u00e9xico tiene de todo y tanto que se desperdicia.<\/p>\n\n\n\n<p><strong>NOTA PARA PEGAR EN EL REFRI:&nbsp;<\/strong>V\u00eda redes sociales, el gobernador Cuitl\u00e1huac Garc\u00eda Jim\u00e9nez le record\u00f3 a los Yunes quienes s\u00ed se tomaron foto con el exgobernador. Se trata de aquella famosa imagen donde el hoy preso se ve con \u201cMiguel Chiquito\u201d d\u00e1ndose la mano, luego de hacer el acuerdo de convertirlo en alcalde de Boca del R\u00edo. Seg\u00fan cuentan los chismosos de la \u00e9poca, fue una reuni\u00f3n que tuvieron en la casa del Estero para pactar que ganara Pe\u00f1a Nieto en Veracruz. Qui\u00e9n sabe qu\u00e9 m\u00e1s se supone que pactaron, pero en la foto se ven refelices y ahora resulta que se les olvida quienes s\u00ed pactaban con los delincuentes.<\/p>\n\n\n\n<p><strong>OTRA NOTA:<\/strong>&nbsp;El que le dio la bienvenida al ruedo al exgober Cascarita fue el abogado Jorge Reyes Peralta. V\u00eda Twitter, el reconocido penalista le escribi\u00f3: \u201cDamos la bienvenida al \u201cforo\u201d a mi compa\u00f1ero de preparatoria y Facultad de Derecho @YoconYunes era urgente su presencia en Pacho Viejo para que asuma la defensa de @MYunesMarquez y @FYunesMarquez espero ya est\u00e9n notificados de la pr\u00f3xima audiencia inicial\u201d\u2026 Y es que dicen que mientras andan con el ruido de las propiedades de Duartistas que nunca recuperaron y nom\u00e1s hicieron show, en realidad la reaparici\u00f3n \u2014a medias\u2014 de Yunes es porque est\u00e1 previendo un escenario donde le va a caer todo el moco a sus chiquitos y viene al rescate de sus querubines (salvo que se las perdonen en Palacio)\u2026 Por lo pronto, ya est\u00e1 asomando el pescuezo y deber\u00edan jalarle todos.<\/p>\n\n\n\n<p><strong>LA \u00daLTIMA PORQUE YA ES VIEEEEEERNEEEES\u2026 PA DESCANSAR DE LA VACUNA:&nbsp;<\/strong>Luego de que reapareciera en redes el exgober Yunes Linares para hablar amargamente de \u201cpresos pol\u00edticos\u201d, quienes se la recordaron fueron el tambi\u00e9n exgobernador interino Flavino R\u00edos Alvarado y el ex fiscal Luis \u00c1ngel Bravo\u2026 El primero le dijo: \u201cMiguel \u00c1ngel Yunez (sic) es hu\u00e9rfano, se le olvida que me fabric\u00f3 un delito, y que la justicia federal resolvi\u00f3, que no exist\u00eda, ni la posibilidad de que lo hubiera cometido y ahora se queja de persecuci\u00f3n pol\u00edtica\u201d\u2026 El segundo se le fue m\u00e1s duro: \u201cNo lo puedo creer. El peor verdugo pol\u00edtico del la historia quej\u00e1ndose. Memoria y huevos, Yunes\u201d\u2026&nbsp;<a href=\"outlook-data-detector:\/\/6\">Este mi\u00e9rcoles<\/a>&nbsp;tambi\u00e9n reapareci\u00f3 en Pacho Viejo el exsecretario de Seguridad P\u00fablica, Arturo Berm\u00fadez, quien a trav\u00e9s de su abogado revel\u00f3 que fue presionado para entregar propiedades a cambio de que no fuese encarcelada su madre\u2026 Tambi\u00e9n en&nbsp;<a href=\"http:\/\/versiones.com.mx\/\">Versiones.com.mx<\/a>&nbsp;estuvo en entrevista el exsecretario de Salud, Juan Antonio Nemi Dib, quien cont\u00f3 su historia sobre c\u00f3mo fue la persecuci\u00f3n en su contra por parte del \u201cvengador-justiciero\u201d de petatiux, quien al final no pudo capitalizar electoralmente sus detenciones. Que no se les olvide, compitas.<\/p>\n","protected":false},"excerpt":{"rendered":"<p>@pablojair + Cuitl\u00e1huac le recuerda a los Yunes su pacto con Duarte.+ El abogado Reyes Peralta le da bienvenida a Cascarita.+ Perseguidos por Yunes le contestan lo de \u201cpresos pol\u00edticos\u201d. La neta nunca recuper\u00f3 nada, todo fue un show.No haga berrinche ni se haga el digno.Eso le pasa por andar de \u201ccobr\u00f3n\u201d de facturas.\u2014Chopenjawer Hace [&hellip;]<\/p>\n","protected":false},"author":1,"featured_media":488,"comment_status":"open","ping_status":"open","sticky":false,"template":"","format":"standard","meta":{"_jetpack_memberships_contains_paid_content":false,"footnotes":""},"categories":[11],"tags":[],"class_list":["post-17355","post","type-post","status-publish","format-standard","has-post-thumbnail","hentry","category-opinion"],"jetpack_featured_media_url":"https:\/\/encuentroinformativo.com.mx\/wp-content\/uploads\/2020\/03\/F471F608-BA1A-416B-BA7B-BCFB24F4E6D0.jpeg","jetpack_sharing_enabled":true,"jetpack_likes_enabled":true,"amp_enabled":true,"_links":{"self":[{"href":"https:\/\/encuentroinformativo.com.mx\/index.php?rest_route=\/wp\/v2\/posts\/17355","targetHints":{"allow":["GET"]}}],"collection":[{"href":"https:\/\/encuentroinformativo.com.mx\/index.php?rest_route=\/wp\/v2\/posts"}],"about":[{"href":"https:\/\/encuentroinformativo.com.mx\/index.php?rest_route=\/wp\/v2\/types\/post"}],"author":[{"embeddable":true,"href":"https:\/\/encuentroinformativo.com.mx\/index.php?rest_route=\/wp\/v2\/users\/1"}],"replies":[{"embeddable":true,"href":"https:\/\/encuentroinformativo.com.mx\/index.php?rest_route=%2Fwp%2Fv2%2Fcomments&post=17355"}],"version-history":[{"count":1,"href":"https:\/\/encuentroinformativo.com.mx\/index.php?rest_route=\/wp\/v2\/posts\/17355\/revisions"}],"predecessor-version":[{"id":17356,"href":"https:\/\/encuentroinformativo.com.mx\/index.php?rest_route=\/wp\/v2\/posts\/17355\/revisions\/17356"}],"wp:featuredmedia":[{"embeddable":true,"href":"https:\/\/encuentroinformativo.com.mx\/index.php?rest_route=\/wp\/v2\/media\/488"}],"wp:attachment":[{"href":"https:\/\/encuentroinformativo.com.mx\/index.php?rest_route=%2Fwp%2Fv2%2Fmedia&parent=17355"}],"wp:term":[{"taxonomy":"category","embeddable":true,"href":"https:\/\/encuentroinformativo.com.mx\/index.php?rest_route=%2Fwp%2Fv2%2Fcategories&post=17355"},{"taxonomy":"post_tag","embeddable":true,"href":"https:\/\/encuentroinformativo.com.mx\/index.php?rest_route=%2Fwp%2Fv2%2Ftags&post=17355"}],"curies":[{"name":"wp","href":"https:\/\/api.w.org\/{rel}","templated":true}]}}