{"id":17357,"date":"2021-08-13T10:08:17","date_gmt":"2021-08-13T15:08:17","guid":{"rendered":"https:\/\/encuentroinformativo.com.mx\/?p=17357"},"modified":"2021-08-13T10:08:20","modified_gmt":"2021-08-13T15:08:20","slug":"rocio-ojeda-callado","status":"publish","type":"post","link":"https:\/\/encuentroinformativo.com.mx\/?p=17357","title":{"rendered":"Roc\u00edo Ojeda Callado"},"content":{"rendered":"\n<p><strong>Los Pol\u00edticos\u00a0<\/strong><\/p>\n\n\n\n<p><strong>Salvador Mu\u00f1oz<\/strong><\/p>\n\n\n\n<p>En Roc\u00edo Ojeda Callado, aspirante a la rector\u00eda de la Universidad Veracruzana, hay confianza por un lado y malestar por el otro.<\/p>\n\n\n\n<p>Confianza en el trabajo que viene realizando la Junta de Gobierno con cada uno de los pretendientes a llegar a Lomas del Estadio, donde la transparencia dicho sea de paso, es la caracter\u00edstica esencial de este proceso.<\/p>\n\n\n\n<p>Malestar, porque nunca falta el prietito en el arroz, luego de que hubo por all\u00ed personajes que se le acercaron a esta acad\u00e9mica \u2013con casi 37 a\u00f1os de estar frente a un grupo de alumnos\u2013 para decirle, palabras m\u00e1s, palabras menos, c\u00f3mo es que se atrev\u00eda a participar en esta contienda cuando era un asunto entre xalape\u00f1os\u2026 vamos, estamos hablando de una idea centralista, ya conocida y criticada por esta maestra de la Facultad de Ciencias de la Comunicaci\u00f3n desde el 2017, cuando tuvo su primera incursi\u00f3n en la b\u00fasqueda de la rector\u00eda.<\/p>\n\n\n\n<p>La observaci\u00f3n que en ese tiempo hac\u00eda Ojeda Callado sobre este punto, era que desde Xalapa, se ve\u00eda a las vicerrector\u00edas como s\u00f3lo adorno; yo les llamo \u201cVicefloreros\u201d, muy de moda por estos gobiernos de 4T. Las decisiones tomadas desde el centro, \u201cno son congruentes con las necesidades que tienen en las vicerrector\u00edas\u201d, comenta entre un caf\u00e9 quien tambi\u00e9n sabe lo que es ser l\u00edder sindical de profesores, secretaria de Prensa del Sindicato (Fesapauv) a nivel regional, consejera maestra en m\u00faltiples ocasiones; conozco estos procesos&#8230; miembro de la comisi\u00f3n de Reglamentos, de la Comisi\u00f3n de Presupuesto, esto nombrado por el Consejo Universitario\u2026 s\u00ed, as\u00ed de sencillo parece que nada m\u00e1s le falta ser Rectora.<\/p>\n\n\n\n<p>A cuatro a\u00f1os de distancia, Ojeda Callado de cierto modo lamenta que algunos puntos de su propuesta en 2017, sigan vigentes, porque de cierto modo, algo no cambi\u00f3 en la UV, aunque de cierto modo, igual reconoce que la actual administraci\u00f3n retom\u00f3 uno de sus bastiones de lucha: el jubilado y su atenci\u00f3n.<\/p>\n\n\n\n<p>Para Ojeda Callado, la pandemia agarr\u00f3 no s\u00f3lo a la M\u00e1xima Casa de Estudios, sino a alumnos y maestros, totalmente desprevenidos y se enfrent\u00f3 problemas como la carencia de equipo de c\u00f3mputo, de internet en alumnos y en maestros, s\u00ed, hasta el manejo de la tecnolog\u00eda pero poco a poco se fue resolviendo esta serie de problemas al grado de hablar en este momento de Ense\u00f1anza H\u00edbrida como Presencial, aunque ella ve otra m\u00e1s: la educaci\u00f3n en plataforma, \u201ces decir, hay cierto tipo de programas educativos donde no se llevan pr\u00e1cticas y que es posible que el estudiante de acuerdo a sus tiempos y condiciones, pueda tomarla, porque los cursos est\u00e1n en l\u00ednea y \u00e9l decide a qu\u00e9 hora decide cursar\u201d.<\/p>\n\n\n\n<p>Como buena maestra, no pudimos escapar la oportunidad de que le pusiera calificaci\u00f3n a la Universidad y su vinculaci\u00f3n con la sociedad\u2026 \u00a1qu\u00e9 bueno que no la tuve como profe! Y aunque lamenta en su voz la calificaci\u00f3n, lo expresa con sinceridad: \u00a1un 5! Y lo fundamenta as\u00ed:&nbsp;<\/p>\n\n\n\n<p>\u201cHay un programa de vinculaci\u00f3n institucional; sin embargo, me parece que no se le ha dado el seguimiento adecuado; cuando nuestros j\u00f3venes ingresan al mercado, tenemos la obligaci\u00f3n de ver d\u00f3nde est\u00e1n; si los conocimientos que adquiri\u00f3 en la Universidad le est\u00e1n sirviendo y cu\u00e1les le hacen falta porque en funci\u00f3n de esto, modificaremos el Plan de Estudio pero tambi\u00e9n tenemos la obligaci\u00f3n de llevar cursos de actualizaci\u00f3n para que este egresado est\u00e9 en condiciones de responder a las necesidades del mercado\u201d, pero \u00a1no se ha hecho!<\/p>\n\n\n\n<p>Ojeda tiene confianza en la Junta de Gobierno y en el trabajo que realicen para elegir la mejor opci\u00f3n para la Universidad, aunque sigue sin cuadrarle esas resistencias que insisten en llevar el proceso para seleccionar rector, en un asunto de xalape\u00f1os\u2026<\/p>\n\n\n\n<p>(Entrevista completa, en este link: <a href=\"http:\/\/www.lospoliticosveracruz.com.mx\/?p=77968\" target=\"_blank\" rel=\"noreferrer noopener\">http:\/\/www.lospoliticosveracruz.com.mx\/?p=77968<\/a>)<\/p>\n\n\n\n<p><a href=\"mailto:smcainito@gmail.com\" target=\"_blank\" rel=\"noreferrer noopener\">smcainito@gmail.com<\/a><\/p>\n","protected":false},"excerpt":{"rendered":"<p>Los Pol\u00edticos\u00a0 Salvador Mu\u00f1oz En Roc\u00edo Ojeda Callado, aspirante a la rector\u00eda de la Universidad Veracruzana, hay confianza por un lado y malestar por el otro. Confianza en el trabajo que viene realizando la Junta de Gobierno con cada uno de los pretendientes a llegar a Lomas del Estadio, donde la transparencia dicho sea de [&hellip;]<\/p>\n","protected":false},"author":1,"featured_media":70,"comment_status":"open","ping_status":"open","sticky":false,"template":"","format":"standard","meta":{"_jetpack_memberships_contains_paid_content":false,"footnotes":""},"categories":[11],"tags":[],"class_list":["post-17357","post","type-post","status-publish","format-standard","has-post-thumbnail","hentry","category-opinion"],"jetpack_featured_media_url":"https:\/\/encuentroinformativo.com.mx\/wp-content\/uploads\/2020\/02\/opinion-invitado.jpg","jetpack_sharing_enabled":true,"jetpack_likes_enabled":true,"amp_enabled":true,"_links":{"self":[{"href":"https:\/\/encuentroinformativo.com.mx\/index.php?rest_route=\/wp\/v2\/posts\/17357","targetHints":{"allow":["GET"]}}],"collection":[{"href":"https:\/\/encuentroinformativo.com.mx\/index.php?rest_route=\/wp\/v2\/posts"}],"about":[{"href":"https:\/\/encuentroinformativo.com.mx\/index.php?rest_route=\/wp\/v2\/types\/post"}],"author":[{"embeddable":true,"href":"https:\/\/encuentroinformativo.com.mx\/index.php?rest_route=\/wp\/v2\/users\/1"}],"replies":[{"embeddable":true,"href":"https:\/\/encuentroinformativo.com.mx\/index.php?rest_route=%2Fwp%2Fv2%2Fcomments&post=17357"}],"version-history":[{"count":1,"href":"https:\/\/encuentroinformativo.com.mx\/index.php?rest_route=\/wp\/v2\/posts\/17357\/revisions"}],"predecessor-version":[{"id":17358,"href":"https:\/\/encuentroinformativo.com.mx\/index.php?rest_route=\/wp\/v2\/posts\/17357\/revisions\/17358"}],"wp:featuredmedia":[{"embeddable":true,"href":"https:\/\/encuentroinformativo.com.mx\/index.php?rest_route=\/wp\/v2\/media\/70"}],"wp:attachment":[{"href":"https:\/\/encuentroinformativo.com.mx\/index.php?rest_route=%2Fwp%2Fv2%2Fmedia&parent=17357"}],"wp:term":[{"taxonomy":"category","embeddable":true,"href":"https:\/\/encuentroinformativo.com.mx\/index.php?rest_route=%2Fwp%2Fv2%2Fcategories&post=17357"},{"taxonomy":"post_tag","embeddable":true,"href":"https:\/\/encuentroinformativo.com.mx\/index.php?rest_route=%2Fwp%2Fv2%2Ftags&post=17357"}],"curies":[{"name":"wp","href":"https:\/\/api.w.org\/{rel}","templated":true}]}}