{"id":17359,"date":"2021-08-13T12:06:20","date_gmt":"2021-08-13T17:06:20","guid":{"rendered":"https:\/\/encuentroinformativo.com.mx\/?p=17359"},"modified":"2021-08-13T12:06:23","modified_gmt":"2021-08-13T17:06:23","slug":"denunciaron-desaparicion-de-su-primo-ahora-tampoco-aparecen","status":"publish","type":"post","link":"https:\/\/encuentroinformativo.com.mx\/?p=17359","title":{"rendered":"Denunciaron desaparici\u00f3n de su primo, ahora tampoco aparecen"},"content":{"rendered":"\n<p><strong>Dar\u00edo Pale<\/strong><\/p>\n\n\n\n<p>Xalapa, Ver.- Familiares y amigos de Ivan Pastrana Ayala y de la taxista Brenda Ines  Arellano denunciaron que fueron desaparecidos el pasado mi\u00e9rcoles y hasta el d\u00eda de hoy no saben nada de ellos y temen por su seguridad.<\/p>\n\n\n\n<p>Por temor a represalias como las que sufri\u00f3 su amigo omitieron su nombre al denunciar que el pasado mi\u00e9rcoles fueron detenidos por elementos de la Secretaria de \u00a0Seguridad P\u00fablica (SSP), cuando se dirig\u00eda a las oficinas de la fiscal\u00eda en Coatepec.<\/p>\n\n\n\n<p>Despu\u00e9s de avisar a sus familiares de que lo estaban siguiendo elementos de la Fuerza Civil y unas camionetas blancas los andaban siguiendo, despu\u00e9s de eso perdieron comunicaci\u00f3n con \u00e9l y una joven taxista que era quien lo trasladaba de un lugar a otro.<\/p>\n\n\n\n<p>Cabe se\u00f1alar que Ivan Pastrana el pasado s\u00e1bado 7 de agosto acudi\u00f3 a dar conferencia sobre la desaparici\u00f3n de su primo y un amigo m\u00e1s que se hab\u00eda registrado el d\u00eda viernes 6 de ese mismo mes y no sab\u00edan nada de su primo Eric Hern\u00e1ndez.<\/p>\n\n\n\n<p>Finalmente se\u00f1alaron que debido al temor de represalias optaron por ya no presentar la denuncia por la desaparici\u00f3n de estas personas y la mam\u00e1 de Iv\u00e1n decidi\u00f3 irse del estado por su seguridad.<\/p>\n","protected":false},"excerpt":{"rendered":"<p>Dar\u00edo Pale Xalapa, Ver.- Familiares y amigos de Ivan Pastrana Ayala y de la taxista Brenda Ines Arellano denunciaron que fueron desaparecidos el pasado mi\u00e9rcoles y hasta el d\u00eda de hoy no saben nada de ellos y temen por su seguridad. Por temor a represalias como las que sufri\u00f3 su amigo omitieron su nombre al [&hellip;]<\/p>\n","protected":false},"author":1,"featured_media":17360,"comment_status":"open","ping_status":"open","sticky":false,"template":"","format":"standard","meta":{"_jetpack_memberships_contains_paid_content":false,"footnotes":""},"categories":[8],"tags":[],"class_list":["post-17359","post","type-post","status-publish","format-standard","has-post-thumbnail","hentry","category-region"],"jetpack_featured_media_url":"https:\/\/encuentroinformativo.com.mx\/wp-content\/uploads\/2021\/08\/3926BDC9-12DD-4301-8E9B-2B3EBF7C3C3E.jpeg","jetpack_sharing_enabled":true,"jetpack_likes_enabled":true,"amp_enabled":true,"_links":{"self":[{"href":"https:\/\/encuentroinformativo.com.mx\/index.php?rest_route=\/wp\/v2\/posts\/17359","targetHints":{"allow":["GET"]}}],"collection":[{"href":"https:\/\/encuentroinformativo.com.mx\/index.php?rest_route=\/wp\/v2\/posts"}],"about":[{"href":"https:\/\/encuentroinformativo.com.mx\/index.php?rest_route=\/wp\/v2\/types\/post"}],"author":[{"embeddable":true,"href":"https:\/\/encuentroinformativo.com.mx\/index.php?rest_route=\/wp\/v2\/users\/1"}],"replies":[{"embeddable":true,"href":"https:\/\/encuentroinformativo.com.mx\/index.php?rest_route=%2Fwp%2Fv2%2Fcomments&post=17359"}],"version-history":[{"count":1,"href":"https:\/\/encuentroinformativo.com.mx\/index.php?rest_route=\/wp\/v2\/posts\/17359\/revisions"}],"predecessor-version":[{"id":17361,"href":"https:\/\/encuentroinformativo.com.mx\/index.php?rest_route=\/wp\/v2\/posts\/17359\/revisions\/17361"}],"wp:featuredmedia":[{"embeddable":true,"href":"https:\/\/encuentroinformativo.com.mx\/index.php?rest_route=\/wp\/v2\/media\/17360"}],"wp:attachment":[{"href":"https:\/\/encuentroinformativo.com.mx\/index.php?rest_route=%2Fwp%2Fv2%2Fmedia&parent=17359"}],"wp:term":[{"taxonomy":"category","embeddable":true,"href":"https:\/\/encuentroinformativo.com.mx\/index.php?rest_route=%2Fwp%2Fv2%2Fcategories&post=17359"},{"taxonomy":"post_tag","embeddable":true,"href":"https:\/\/encuentroinformativo.com.mx\/index.php?rest_route=%2Fwp%2Fv2%2Ftags&post=17359"}],"curies":[{"name":"wp","href":"https:\/\/api.w.org\/{rel}","templated":true}]}}