{"id":17366,"date":"2021-08-13T12:23:21","date_gmt":"2021-08-13T17:23:21","guid":{"rendered":"https:\/\/encuentroinformativo.com.mx\/?p=17366"},"modified":"2021-08-13T12:23:25","modified_gmt":"2021-08-13T17:23:25","slug":"por-covid-fallece-fotoperiodista-martin-lara-reyna","status":"publish","type":"post","link":"https:\/\/encuentroinformativo.com.mx\/?p=17366","title":{"rendered":"Por Covid, fallece fotoperiodista Mart\u00edn Lara Reyna"},"content":{"rendered":"\n<p><strong>Alejandro \u00c1vila<\/strong><\/p>\n\n\n\n<p>Veracruz, Ver.- La madrugada de este viernes se dio a conocer el fallecimiento del fot\u00f3grafo veracruzano, Mart\u00edn Lara Reyna, quien perdi\u00f3 la batalla contra el COVID, enfermedad que aquejaba desde el pasado lunes.<\/p>\n\n\n\n<p>Aunque los primeros reportes se\u00f1alaban que su estado de salud era estable, pues \u00e9l as\u00ed lo hab\u00eda confirmado mediante mensajes enviados a sus m\u00e1s cercanos, la tarde de este jueves fue llevado por una ambulancia al Hospital de Boca del R\u00edo, donde fue intubado pues su oxigenaci\u00f3n estaba en 60.<\/p>\n\n\n\n<p>Mart\u00edn Lara conocido tambi\u00e9n como &#8220;Jaguar&#8221; ten\u00eda m\u00e1s de 40 a\u00f1os en los medios de comunicaci\u00f3n donde, como fot\u00f3grafo, capt\u00f3 diversos acontecimientos relevantes de la sociedad, no solo pol\u00edticos, deportivos y de espect\u00e1culos.<\/p>\n\n\n\n<p>Estuvo presente documentando el terremoto de 1985 en la Ciudad de M\u00e9xico, el levantamiento del EZLN en Chiapas en 1994, en los Juegos Ol\u00edmpicos de Barcelona en 1992, entre otros; durante los \u00faltimos a\u00f1os de su vida hab\u00eda creado la agencia de fotograf\u00eda, <em>Veracruz News.<\/em><\/p>\n\n\n\n<p>Le sobreviven su esposa Mar\u00eda de los \u00c1ngeles y su hija Ivanna.<\/p>\n","protected":false},"excerpt":{"rendered":"<p>Alejandro \u00c1vila Veracruz, Ver.- La madrugada de este viernes se dio a conocer el fallecimiento del fot\u00f3grafo veracruzano, Mart\u00edn Lara Reyna, quien perdi\u00f3 la batalla contra el COVID, enfermedad que aquejaba desde el pasado lunes. Aunque los primeros reportes se\u00f1alaban que su estado de salud era estable, pues \u00e9l as\u00ed lo hab\u00eda confirmado mediante mensajes [&hellip;]<\/p>\n","protected":false},"author":1,"featured_media":17367,"comment_status":"open","ping_status":"open","sticky":false,"template":"","format":"standard","meta":{"_jetpack_memberships_contains_paid_content":false,"footnotes":""},"categories":[2],"tags":[],"class_list":["post-17366","post","type-post","status-publish","format-standard","has-post-thumbnail","hentry","category-estado"],"jetpack_featured_media_url":"https:\/\/encuentroinformativo.com.mx\/wp-content\/uploads\/2021\/08\/4B5E59A6-7DE2-4BD8-B33E-A896A8DBFA90.jpeg","jetpack_sharing_enabled":true,"jetpack_likes_enabled":true,"amp_enabled":true,"_links":{"self":[{"href":"https:\/\/encuentroinformativo.com.mx\/index.php?rest_route=\/wp\/v2\/posts\/17366","targetHints":{"allow":["GET"]}}],"collection":[{"href":"https:\/\/encuentroinformativo.com.mx\/index.php?rest_route=\/wp\/v2\/posts"}],"about":[{"href":"https:\/\/encuentroinformativo.com.mx\/index.php?rest_route=\/wp\/v2\/types\/post"}],"author":[{"embeddable":true,"href":"https:\/\/encuentroinformativo.com.mx\/index.php?rest_route=\/wp\/v2\/users\/1"}],"replies":[{"embeddable":true,"href":"https:\/\/encuentroinformativo.com.mx\/index.php?rest_route=%2Fwp%2Fv2%2Fcomments&post=17366"}],"version-history":[{"count":1,"href":"https:\/\/encuentroinformativo.com.mx\/index.php?rest_route=\/wp\/v2\/posts\/17366\/revisions"}],"predecessor-version":[{"id":17368,"href":"https:\/\/encuentroinformativo.com.mx\/index.php?rest_route=\/wp\/v2\/posts\/17366\/revisions\/17368"}],"wp:featuredmedia":[{"embeddable":true,"href":"https:\/\/encuentroinformativo.com.mx\/index.php?rest_route=\/wp\/v2\/media\/17367"}],"wp:attachment":[{"href":"https:\/\/encuentroinformativo.com.mx\/index.php?rest_route=%2Fwp%2Fv2%2Fmedia&parent=17366"}],"wp:term":[{"taxonomy":"category","embeddable":true,"href":"https:\/\/encuentroinformativo.com.mx\/index.php?rest_route=%2Fwp%2Fv2%2Fcategories&post=17366"},{"taxonomy":"post_tag","embeddable":true,"href":"https:\/\/encuentroinformativo.com.mx\/index.php?rest_route=%2Fwp%2Fv2%2Ftags&post=17366"}],"curies":[{"name":"wp","href":"https:\/\/api.w.org\/{rel}","templated":true}]}}