{"id":17372,"date":"2021-08-13T14:03:31","date_gmt":"2021-08-13T19:03:31","guid":{"rendered":"https:\/\/encuentroinformativo.com.mx\/?p=17372"},"modified":"2021-08-13T14:03:34","modified_gmt":"2021-08-13T19:03:34","slug":"por-fiesta-patronal-cierran-vialidad-en-jilotepec","status":"publish","type":"post","link":"https:\/\/encuentroinformativo.com.mx\/?p=17372","title":{"rendered":"Por fiesta patronal, cierran vialidad en Jilotepec"},"content":{"rendered":"\n<p><strong>Dar\u00edo Pale <\/strong><\/p>\n\n\n\n<p>Xalapa, Ver.- Debido a que la fiesta patronal, que organiza la iglesia, inicia el 15 de agosto; a partir de la madrugada de este viernes inici\u00f3 el cierre de las vialidades para evitar aglomeraciones, ello solamente durante este fin de semana, as\u00ed lo informo el alcalde del municipio de Jilotepec, Sergio Fern\u00e1ndez Lara.<\/p>\n\n\n\n<p>En entrevista se\u00f1al\u00f3 que este bloqueo tambi\u00e9n afectar\u00e1 de manera econ\u00f3mica a la zona, toda vez que es paso hacia la sierra de Misantla, pero el bloqueo de vialidades total se har\u00e1 s\u00f3lo este fin de semana, recalc\u00f3.<\/p>\n\n\n\n<p>Afirm\u00f3 que junto con la Secretar\u00eda de Seguridad P\u00fablica, Protecci\u00f3n Civil, Fuerza Civil y Guardia Nacional llevan a cabo el operativo para el cierre total de algunas calles y algunas de manera parcial.<\/p>\n\n\n\n<p>Aclar\u00f3 que todos los eventos p\u00fablicos quedan suspendidos, ferias, juegos, entre otros, pero en este caso insisti\u00f3 en que se trata de un evento religioso, ya que record\u00f3 que est\u00e1n en sem\u00e1foro rojo, hay muchos casos tanto en la cabecera como en las comunidades, por lo que deben seguir exhortando a la gente a no participar en reuniones masivas.<\/p>\n\n\n\n<p>&#8220;Solamente habr\u00e1 algunas eucarist\u00edas, pero con el cupo limitado, nos coordinamos con el consejo parroquial, con el sacerdote y est\u00e1n en la disposici\u00f3n, ellos van a llevar a cabo misas y un paseo con la imagen de Nuestra Se\u00f1ora de La Asunci\u00f3n a bordo de un veh\u00edculo&#8221;, finaliz\u00f3.<\/p>\n","protected":false},"excerpt":{"rendered":"<p>Dar\u00edo Pale Xalapa, Ver.- Debido a que la fiesta patronal, que organiza la iglesia, inicia el 15 de agosto; a partir de la madrugada de este viernes inici\u00f3 el cierre de las vialidades para evitar aglomeraciones, ello solamente durante este fin de semana, as\u00ed lo informo el alcalde del municipio de Jilotepec, Sergio Fern\u00e1ndez Lara. [&hellip;]<\/p>\n","protected":false},"author":1,"featured_media":17373,"comment_status":"open","ping_status":"open","sticky":false,"template":"","format":"standard","meta":{"_jetpack_memberships_contains_paid_content":false,"footnotes":""},"categories":[8],"tags":[],"class_list":["post-17372","post","type-post","status-publish","format-standard","has-post-thumbnail","hentry","category-region"],"jetpack_featured_media_url":"https:\/\/encuentroinformativo.com.mx\/wp-content\/uploads\/2021\/08\/894BA04D-BEC2-4C50-89C2-EA55802E2184.jpeg","jetpack_sharing_enabled":true,"jetpack_likes_enabled":true,"amp_enabled":true,"_links":{"self":[{"href":"https:\/\/encuentroinformativo.com.mx\/index.php?rest_route=\/wp\/v2\/posts\/17372","targetHints":{"allow":["GET"]}}],"collection":[{"href":"https:\/\/encuentroinformativo.com.mx\/index.php?rest_route=\/wp\/v2\/posts"}],"about":[{"href":"https:\/\/encuentroinformativo.com.mx\/index.php?rest_route=\/wp\/v2\/types\/post"}],"author":[{"embeddable":true,"href":"https:\/\/encuentroinformativo.com.mx\/index.php?rest_route=\/wp\/v2\/users\/1"}],"replies":[{"embeddable":true,"href":"https:\/\/encuentroinformativo.com.mx\/index.php?rest_route=%2Fwp%2Fv2%2Fcomments&post=17372"}],"version-history":[{"count":1,"href":"https:\/\/encuentroinformativo.com.mx\/index.php?rest_route=\/wp\/v2\/posts\/17372\/revisions"}],"predecessor-version":[{"id":17374,"href":"https:\/\/encuentroinformativo.com.mx\/index.php?rest_route=\/wp\/v2\/posts\/17372\/revisions\/17374"}],"wp:featuredmedia":[{"embeddable":true,"href":"https:\/\/encuentroinformativo.com.mx\/index.php?rest_route=\/wp\/v2\/media\/17373"}],"wp:attachment":[{"href":"https:\/\/encuentroinformativo.com.mx\/index.php?rest_route=%2Fwp%2Fv2%2Fmedia&parent=17372"}],"wp:term":[{"taxonomy":"category","embeddable":true,"href":"https:\/\/encuentroinformativo.com.mx\/index.php?rest_route=%2Fwp%2Fv2%2Fcategories&post=17372"},{"taxonomy":"post_tag","embeddable":true,"href":"https:\/\/encuentroinformativo.com.mx\/index.php?rest_route=%2Fwp%2Fv2%2Ftags&post=17372"}],"curies":[{"name":"wp","href":"https:\/\/api.w.org\/{rel}","templated":true}]}}