{"id":17375,"date":"2021-08-13T14:11:06","date_gmt":"2021-08-13T19:11:06","guid":{"rendered":"https:\/\/encuentroinformativo.com.mx\/?p=17375"},"modified":"2021-08-13T14:11:10","modified_gmt":"2021-08-13T19:11:10","slug":"rechazan-padres-firma-de-carta-compromiso","status":"publish","type":"post","link":"https:\/\/encuentroinformativo.com.mx\/?p=17375","title":{"rendered":"Rechazan padres firma de carta-compromiso"},"content":{"rendered":"\n<p><strong>Juan Arcos <\/strong><\/p>\n\n\n\n<p>Xalapa, Ver.- Algunas madres y padres de familia est\u00e1n en desacuerdo en firmar la carta compromiso de corresponsabilidad que emite el gobierno federal para el regreso a clases presenciales, pese a la tercera ola de contagios por SARS-COV-2 (COVID-19).<\/p>\n\n\n\n<p>Consideraron que podr\u00edan registrarse rebrotes de coronavirus en los planteles educativos y, por ello, resultar\u00eda inapropiado el retorno a las aulas, el pr\u00f3ximo 30 de agosto.\u00a0<br>Jessica Garc\u00eda, mam\u00e1 de un alumno del quinto grado de primaria, dijo estar en contra del regreso a clases presenciales, toda vez que las ni\u00f1as y los ni\u00f1os son las principales v\u00edctimas durante esta ola de contagios.<\/p>\n\n\n\n<p>\u201cEstoy en total desacuerdo como madre de familia en el regreso a clases presenciales. En el documento no dice que se brindar\u00e1 apoyo a los padres y alumnos contagiados\u201d.<\/p>\n\n\n\n<p>La entrevistada coment\u00f3 que el gobierno busca responsabilizar a las mam\u00e1s y pap\u00e1s en caso de que haya alg\u00fan contagio de coronavirus.<\/p>\n\n\n\n<p>\u201cTodo el compromiso recae en los padres y maestros por el capricho del gobierno, porque no entienden que no es gripa y no se manifiesta de igual manera que en los adultos\u201d.<\/p>\n\n\n\n<p>Tambi\u00e9n mencion\u00f3 que no existen las medidas de sanidad para el retorno a las aulas y que los espacios educativos tampoco se han encuentran en buenas condiciones para ello.<\/p>\n\n\n\n<p>\u201cNo se me hace conveniente el regreso a clases. No hay las medidas necesarias para el regreso. Yo en lo personal, no mandar\u00eda a mi hijo a las clases\u201d, enfatiz\u00f3 Jessica Garc\u00eda.<\/p>\n","protected":false},"excerpt":{"rendered":"<p>Juan Arcos Xalapa, Ver.- Algunas madres y padres de familia est\u00e1n en desacuerdo en firmar la carta compromiso de corresponsabilidad que emite el gobierno federal para el regreso a clases presenciales, pese a la tercera ola de contagios por SARS-COV-2 (COVID-19). Consideraron que podr\u00edan registrarse rebrotes de coronavirus en los planteles educativos y, por ello, [&hellip;]<\/p>\n","protected":false},"author":1,"featured_media":17376,"comment_status":"open","ping_status":"open","sticky":false,"template":"","format":"standard","meta":{"_jetpack_memberships_contains_paid_content":false,"footnotes":""},"categories":[3],"tags":[],"class_list":["post-17375","post","type-post","status-publish","format-standard","has-post-thumbnail","hentry","category-xalapa"],"jetpack_featured_media_url":"https:\/\/encuentroinformativo.com.mx\/wp-content\/uploads\/2021\/08\/1CD3E7FB-0C37-4557-8389-8854FAB50921.jpeg","jetpack_sharing_enabled":true,"jetpack_likes_enabled":true,"amp_enabled":true,"_links":{"self":[{"href":"https:\/\/encuentroinformativo.com.mx\/index.php?rest_route=\/wp\/v2\/posts\/17375","targetHints":{"allow":["GET"]}}],"collection":[{"href":"https:\/\/encuentroinformativo.com.mx\/index.php?rest_route=\/wp\/v2\/posts"}],"about":[{"href":"https:\/\/encuentroinformativo.com.mx\/index.php?rest_route=\/wp\/v2\/types\/post"}],"author":[{"embeddable":true,"href":"https:\/\/encuentroinformativo.com.mx\/index.php?rest_route=\/wp\/v2\/users\/1"}],"replies":[{"embeddable":true,"href":"https:\/\/encuentroinformativo.com.mx\/index.php?rest_route=%2Fwp%2Fv2%2Fcomments&post=17375"}],"version-history":[{"count":1,"href":"https:\/\/encuentroinformativo.com.mx\/index.php?rest_route=\/wp\/v2\/posts\/17375\/revisions"}],"predecessor-version":[{"id":17377,"href":"https:\/\/encuentroinformativo.com.mx\/index.php?rest_route=\/wp\/v2\/posts\/17375\/revisions\/17377"}],"wp:featuredmedia":[{"embeddable":true,"href":"https:\/\/encuentroinformativo.com.mx\/index.php?rest_route=\/wp\/v2\/media\/17376"}],"wp:attachment":[{"href":"https:\/\/encuentroinformativo.com.mx\/index.php?rest_route=%2Fwp%2Fv2%2Fmedia&parent=17375"}],"wp:term":[{"taxonomy":"category","embeddable":true,"href":"https:\/\/encuentroinformativo.com.mx\/index.php?rest_route=%2Fwp%2Fv2%2Fcategories&post=17375"},{"taxonomy":"post_tag","embeddable":true,"href":"https:\/\/encuentroinformativo.com.mx\/index.php?rest_route=%2Fwp%2Fv2%2Ftags&post=17375"}],"curies":[{"name":"wp","href":"https:\/\/api.w.org\/{rel}","templated":true}]}}