{"id":17378,"date":"2021-08-13T14:23:39","date_gmt":"2021-08-13T19:23:39","guid":{"rendered":"https:\/\/encuentroinformativo.com.mx\/?p=17378"},"modified":"2021-08-13T14:23:43","modified_gmt":"2021-08-13T19:23:43","slug":"maestros-deberan-comprobar-vacunacion-snte","status":"publish","type":"post","link":"https:\/\/encuentroinformativo.com.mx\/?p=17378","title":{"rendered":"Maestros deber\u00e1n comprobar vacunaci\u00f3n: SNTE"},"content":{"rendered":"\n<p><strong>Juan Arcos <\/strong><\/p>\n\n\n\n<p>Xalapa, Ver.- La secci\u00f3n 32 del Sindicato Nacional de Trabajadores de la Educaci\u00f3n (SNTE) determin\u00f3 que sus agremiados deber\u00e1n acreditar su vacunaci\u00f3n contra SARS-COV-2 (COVID-19) para el regreso a clases presenciales.<\/p>\n\n\n\n<p>Esta situaci\u00f3n se lee en un pronunciamiento firmado por L\u00e1zaro Medina Barrag\u00e1n y Jos\u00e9 Manuel Mend\u00edvil Zazueta, secretario general de la Secci\u00f3n 32 del SNTE y representante del CEN del SNTE, respectivamente.<\/p>\n\n\n\n<p>Los l\u00edderes de dicha organizaci\u00f3n sindicales tambi\u00e9n consideraron necesario realizar una investigaci\u00f3n exhaustiva para identificar al personal que no se ha vacunado por razones de salud.<\/p>\n\n\n\n<p>A\u00f1adieron que tambi\u00e9n se debe brindar la aplicaci\u00f3n de las dosis que sean necesarias a los trabajadores.<\/p>\n\n\n\n<p>Ante la cercan\u00eda del retorno a las aulas, pidieron la aplicaci\u00f3n de recursos econ\u00f3micos para la rehabilitaci\u00f3n y mantenimiento de los edificios escolares, as\u00ed como la dotaci\u00f3n de cubrebocas e insumos que garanticen la salud de la comunidad escolar, el ingreso y la permanencia en el plantel para evitar riesgos.<\/p>\n\n\n\n<p>Los dirigentes exigieron al gobierno del estado que garantice la salud de la comunidad escolar para el retorno a las aulas, programado para el pr\u00f3ximo 30 de agosto.<br>Adem\u00e1s, dieron a conocer que se realiz\u00f3 un an\u00e1lisis de las condiciones existentes para el retorno a las aulas y acordaron entregar el documento al titular de la Secretar\u00eda de Educaci\u00f3n de Veracruz (SEV), Zenyazen Roberto Escobar Garc\u00eda.<\/p>\n\n\n\n<p>Afirmaron que estar\u00e1n al pendiente de la salud de las trabajadoras y trabajadores del sector educativo, como punto prioritario en el contexto actual.<\/p>\n\n\n\n<p>L\u00e1zaro Medina Barrag\u00e1n y Jos\u00e9 Manuel Mend\u00edvil Zazueta refrendaron el compromiso de los profesores para continuar el proceso ense\u00f1anza-aprendizaje en el estado de Veracruz.<\/p>\n\n\n\n<p>\u201cDejando constancia de su responsabilidad laboral, ingenio y creatividad en la atenci\u00f3n de sus alumnos y que son los m\u00e1s interesados en el regreso a clases presenciales, porque cierto estamos que, ninguna herramienta digital sustituye la relaci\u00f3n maestro-alumno en forma f\u00edsica\u201d, finalizaron.<\/p>\n","protected":false},"excerpt":{"rendered":"<p>Juan Arcos Xalapa, Ver.- La secci\u00f3n 32 del Sindicato Nacional de Trabajadores de la Educaci\u00f3n (SNTE) determin\u00f3 que sus agremiados deber\u00e1n acreditar su vacunaci\u00f3n contra SARS-COV-2 (COVID-19) para el regreso a clases presenciales. Esta situaci\u00f3n se lee en un pronunciamiento firmado por L\u00e1zaro Medina Barrag\u00e1n y Jos\u00e9 Manuel Mend\u00edvil Zazueta, secretario general de la Secci\u00f3n [&hellip;]<\/p>\n","protected":false},"author":1,"featured_media":17379,"comment_status":"open","ping_status":"open","sticky":false,"template":"","format":"standard","meta":{"_jetpack_memberships_contains_paid_content":false,"footnotes":""},"categories":[2],"tags":[],"class_list":["post-17378","post","type-post","status-publish","format-standard","has-post-thumbnail","hentry","category-estado"],"jetpack_featured_media_url":"https:\/\/encuentroinformativo.com.mx\/wp-content\/uploads\/2021\/08\/F80CAAC2-C865-460B-A652-F497F3F3B1A2.jpeg","jetpack_sharing_enabled":true,"jetpack_likes_enabled":true,"amp_enabled":true,"_links":{"self":[{"href":"https:\/\/encuentroinformativo.com.mx\/index.php?rest_route=\/wp\/v2\/posts\/17378","targetHints":{"allow":["GET"]}}],"collection":[{"href":"https:\/\/encuentroinformativo.com.mx\/index.php?rest_route=\/wp\/v2\/posts"}],"about":[{"href":"https:\/\/encuentroinformativo.com.mx\/index.php?rest_route=\/wp\/v2\/types\/post"}],"author":[{"embeddable":true,"href":"https:\/\/encuentroinformativo.com.mx\/index.php?rest_route=\/wp\/v2\/users\/1"}],"replies":[{"embeddable":true,"href":"https:\/\/encuentroinformativo.com.mx\/index.php?rest_route=%2Fwp%2Fv2%2Fcomments&post=17378"}],"version-history":[{"count":1,"href":"https:\/\/encuentroinformativo.com.mx\/index.php?rest_route=\/wp\/v2\/posts\/17378\/revisions"}],"predecessor-version":[{"id":17380,"href":"https:\/\/encuentroinformativo.com.mx\/index.php?rest_route=\/wp\/v2\/posts\/17378\/revisions\/17380"}],"wp:featuredmedia":[{"embeddable":true,"href":"https:\/\/encuentroinformativo.com.mx\/index.php?rest_route=\/wp\/v2\/media\/17379"}],"wp:attachment":[{"href":"https:\/\/encuentroinformativo.com.mx\/index.php?rest_route=%2Fwp%2Fv2%2Fmedia&parent=17378"}],"wp:term":[{"taxonomy":"category","embeddable":true,"href":"https:\/\/encuentroinformativo.com.mx\/index.php?rest_route=%2Fwp%2Fv2%2Fcategories&post=17378"},{"taxonomy":"post_tag","embeddable":true,"href":"https:\/\/encuentroinformativo.com.mx\/index.php?rest_route=%2Fwp%2Fv2%2Ftags&post=17378"}],"curies":[{"name":"wp","href":"https:\/\/api.w.org\/{rel}","templated":true}]}}