{"id":17384,"date":"2021-08-13T14:44:01","date_gmt":"2021-08-13T19:44:01","guid":{"rendered":"https:\/\/encuentroinformativo.com.mx\/?p=17384"},"modified":"2021-08-13T14:44:06","modified_gmt":"2021-08-13T19:44:06","slug":"tercera-ola-desplomo-ventas-en-tlalixcoyan","status":"publish","type":"post","link":"https:\/\/encuentroinformativo.com.mx\/?p=17384","title":{"rendered":"Tercera ola, desplom\u00f3 ventas en Tlalixcoyan"},"content":{"rendered":"\n<p><strong>Alejandro \u00c1vila<\/strong><\/p>\n\n\n\n<p>Veracruz, Ver. \u2013 La tercera ola de COVID-19 ha impactado para mal en los municipios de Tlalixcoyan e Ignacio de la Llave, pues las ventas han ca\u00eddo hasta en un 50 por ciento durante la ultima semana para comerciantes de insumos b\u00e1sicos, inform\u00f3 el presidente de CANACO Piedras Negras, Juan Luis Guti\u00e9rrez Castro.<\/p>\n\n\n\n<p>El empresario se\u00f1al\u00f3 que todos los comercios cumplen con las normas sanitarias que solicita la Secretar\u00eda de Salud de Veracruz, pues se encuentra sanitizado el lugar, se toma la temperatura, entre otras medidas; sin embargo, la gente se ha vuelto a resguardar en sus hogares ante la ola de contagios.<\/p>\n\n\n\n<p>\u201cDesafortunadamente, como desde hace una semana para ac\u00e1, ha ido a la baja pero bastante, yo me atrevo a decir que un 40 o 50 por ciento las ventas aqu\u00ed en la congregaci\u00f3n de Piedras Negras y la tambi\u00e9n en La Mixtequilla (\u2026) los que se est\u00e1n viendo m\u00e1s afectados, obviamente son los restaurantes, las cafeter\u00edas, varios locatarios del mercado, aqu\u00ed hay un mercado el 5 de Mayo, muchas personas de venta de insumos b\u00e1sicos, como verduras, como abarrotes, son los m\u00e1s afectados porque la gente tiene temor ya de salir a comprar\u201d, resalt\u00f3.<\/p>\n\n\n\n<p>Ante esta situaci\u00f3n, la delegaci\u00f3n de la CANACO en la zona, inici\u00f3 este jueves con la campa\u00f1a #YoConsumoLocal, donde se promocionar\u00e1 a todos los comercios agremiados a la c\u00e1mara, para que puedan elevar sus ventas durante estos meses; as\u00ed, mismo, por redes sociales, se instar\u00e1 a la ciudadan\u00eda de ambos municipios a que muestre sus im\u00e1genes tras comprar productos en los establecimientos participantes.<\/p>\n\n\n\n<p>Finalmente, Juan Luis Guti\u00e9rrez Castro, dijo que una vez que baje el alto n\u00famero de contagios, retomar\u00e1 la afiliaci\u00f3n de comercios en ambos municipios, pues lo ideal es que mediante los proyectos y programadas que maneja la presidencia nacional, los empresarios mejoren sus niveles de ingresos, mediante los cursos que se ofrecen para los agremiados.<\/p>\n","protected":false},"excerpt":{"rendered":"<p>Alejandro \u00c1vila Veracruz, Ver. \u2013 La tercera ola de COVID-19 ha impactado para mal en los municipios de Tlalixcoyan e Ignacio de la Llave, pues las ventas han ca\u00eddo hasta en un 50 por ciento durante la ultima semana para comerciantes de insumos b\u00e1sicos, inform\u00f3 el presidente de CANACO Piedras Negras, Juan Luis Guti\u00e9rrez Castro. [&hellip;]<\/p>\n","protected":false},"author":1,"featured_media":17385,"comment_status":"open","ping_status":"open","sticky":false,"template":"","format":"standard","meta":{"_jetpack_memberships_contains_paid_content":false,"footnotes":""},"categories":[2],"tags":[],"class_list":["post-17384","post","type-post","status-publish","format-standard","has-post-thumbnail","hentry","category-estado"],"jetpack_featured_media_url":"https:\/\/encuentroinformativo.com.mx\/wp-content\/uploads\/2021\/08\/C68C09E0-E2D3-4AB2-B65A-0E38282DB09E.jpeg","jetpack_sharing_enabled":true,"jetpack_likes_enabled":true,"amp_enabled":true,"_links":{"self":[{"href":"https:\/\/encuentroinformativo.com.mx\/index.php?rest_route=\/wp\/v2\/posts\/17384","targetHints":{"allow":["GET"]}}],"collection":[{"href":"https:\/\/encuentroinformativo.com.mx\/index.php?rest_route=\/wp\/v2\/posts"}],"about":[{"href":"https:\/\/encuentroinformativo.com.mx\/index.php?rest_route=\/wp\/v2\/types\/post"}],"author":[{"embeddable":true,"href":"https:\/\/encuentroinformativo.com.mx\/index.php?rest_route=\/wp\/v2\/users\/1"}],"replies":[{"embeddable":true,"href":"https:\/\/encuentroinformativo.com.mx\/index.php?rest_route=%2Fwp%2Fv2%2Fcomments&post=17384"}],"version-history":[{"count":1,"href":"https:\/\/encuentroinformativo.com.mx\/index.php?rest_route=\/wp\/v2\/posts\/17384\/revisions"}],"predecessor-version":[{"id":17386,"href":"https:\/\/encuentroinformativo.com.mx\/index.php?rest_route=\/wp\/v2\/posts\/17384\/revisions\/17386"}],"wp:featuredmedia":[{"embeddable":true,"href":"https:\/\/encuentroinformativo.com.mx\/index.php?rest_route=\/wp\/v2\/media\/17385"}],"wp:attachment":[{"href":"https:\/\/encuentroinformativo.com.mx\/index.php?rest_route=%2Fwp%2Fv2%2Fmedia&parent=17384"}],"wp:term":[{"taxonomy":"category","embeddable":true,"href":"https:\/\/encuentroinformativo.com.mx\/index.php?rest_route=%2Fwp%2Fv2%2Fcategories&post=17384"},{"taxonomy":"post_tag","embeddable":true,"href":"https:\/\/encuentroinformativo.com.mx\/index.php?rest_route=%2Fwp%2Fv2%2Ftags&post=17384"}],"curies":[{"name":"wp","href":"https:\/\/api.w.org\/{rel}","templated":true}]}}