{"id":17387,"date":"2021-08-14T12:33:48","date_gmt":"2021-08-14T17:33:48","guid":{"rendered":"https:\/\/encuentroinformativo.com.mx\/?p=17387"},"modified":"2021-08-14T12:33:52","modified_gmt":"2021-08-14T17:33:52","slug":"sin-cubrebocas","status":"publish","type":"post","link":"https:\/\/encuentroinformativo.com.mx\/?p=17387","title":{"rendered":"Sin Cubrebocas"},"content":{"rendered":"\n<p><strong>N\u00fameros Rojos<\/strong><br><br><strong>Brenda Caballero<\/strong><\/p>\n\n\n\n<p>Con caf\u00e9 en mano suben al autob\u00fas. La joven pareja, no mayor de 25 a\u00f1os, viaja a la Ciudad de M\u00e9xico. Buscan su asiento, se acomodan y se quitan el cubrebocas. Extienden la mesita auxiliar del asiento y empiezan a tomar su caf\u00e9. El cami\u00f3n inicia su marcha. Pasan dos horas y media y los j\u00f3venes siguen tomando su caf\u00e9 y charlando, cual cafeter\u00eda en tiempos sin pandemia.<\/p>\n\n\n\n<p>Terminan su caf\u00e9 y siguen sin cubrebocas en la charla \u00bfestrategia para no pon\u00e9rselo?<br>Una hora antes de llegar a la Ciudad de M\u00e9xico, a la chica le da sue\u00f1o. Entonces s\u00ed se lo pone, pues su cara da hacia el pasillo. Como si el aire circulara solamente por el pasillo y no por todo el cami\u00f3n. El chico sigue viendo su celular, como si nada le preocupara, hasta llegar a su destino.<\/p>\n\n\n\n<p>Entonces s\u00ed, para bajar, ambos se colocan el cubrebocas y se dirigen a la sala de espera.<\/p>\n\n\n\n<p>As\u00ed como esta historia, existe un sinn\u00famero m\u00e1s de quienes no usan cubrebocas. Como aquellas empleadas de la tortiller\u00eda de por mi casa o empleados de algunos peque\u00f1os comercios que no se lo ponen o lo colocan mal (\u00fanicamente cubriendo la boca y no hasta nariz). O qu\u00e9 tal cuando el cubrebocas lo usan de papadera. La mejor estrategia para ocultar la papada, aunque te contagies de Covid.<\/p>\n\n\n\n<p>Veo que con el regreso a clases presencial se exige el uso del cubrebocas en los ni\u00f1os. \u00bfPor qu\u00e9 obligar a los ni\u00f1os y no a los adultos a portarlo? \u00bfPor qu\u00e9 se pondr\u00edan cubrebocas los peque\u00f1os si en su casa no lo usa? Es m\u00e1s, nuestras autoridades tampoco lo usan, y ni lo recomiendan porque supuestamente no ayuda.<\/p>\n\n\n\n<p>All\u00ed tiene usted al diputado federal Gerardo Fern\u00e1ndez Noro\u00f1a que acaba de salir del Covid y al preguntarle que si seguir\u00eda sin usar cubrebocas, literalmente dijo \u201cNo estoy enfermo\u201d y mostrando su prueba negativa dijo: \u201c\u00bfPor qu\u00e9 tendr\u00eda que usar cubrebocas si estoy sano, \u00a1Qu\u00e9 usen cubrebocas los enfermos!&#8221;<\/p>\n\n\n\n<p>Pero no solamente autoridades, funcionarios p\u00fablicos y ciudadan\u00eda en general se niegan a usar cubrebocas, como lo viraliz\u00f3 el cantante Jorge D\u2019Alessio al ir a presentar una denuncia por robo de su camioneta en el municipio de Naucalpan. \u00c9l le solicit\u00f3 a la ministerio p\u00fablico usara cubrebocas mientras le levantaba el acta correspondiente, a lo que la funcionaria contest\u00f3 que no ten\u00eda. De inmediato el cantante le llev\u00f3 uno, a lo que la funcionario dijo que ella ten\u00eda el suyo, pero que no se lo pon\u00eda porque sufr\u00eda asma y le hac\u00eda da\u00f1o. Al decirle que era por la seguridad de todos, de inmediato dijo: \u201cPor eso ustedes lo traen\u201d.<\/p>\n\n\n\n<p>Esto me record\u00f3 a una vecina que le afectaba el uso del cubrebocas, sin embargo busc\u00f3 unos de diferente material para poder usarlo. \u00a1Y all\u00ed est\u00e1, con su cubrebocas!<\/p>\n\n\n\n<p>\u00bfHasta d\u00f3nde es permisible andar sin cubrebocas? \u00bfDe verdad no funciona? \u00bfQu\u00e9 pasar\u00eda si todos anduvi\u00e9ramos sin cubrebocas?<\/p>\n\n\n\n<p>Por si no tuvi\u00e9ramos ya suficiente polarizaci\u00f3n en el pa\u00eds, el cubrebocas viene a ser otro elemento esencial de la misma y se coloca en tema de discusi\u00f3n p\u00fablica. \u00bfDebe ser obligatorio su uso? \u00bfDebe sancionarse a quien no lo porte?<\/p>\n\n\n\n<p>Si a los ni\u00f1os les dicen que deben portarlo en la escuela porque es p\u00fablica, \u00bfPor qu\u00e9 no aplican esa misma medida a funcionarios p\u00fablicos?<\/p>\n\n\n\n<p>\u00bfDejar\u00e1n las autoridades escolares que un ni\u00f1o o maestro no use cubrebocas porque tiene asma, porque no est\u00e1 enfermo o simplemente porque le han dicho que no funciona?<\/p>\n\n\n\n<p>Hay pa\u00edses como Dinamarca, Israel, Estados Unidos, Reino Unido o Polonia en que el cubrebocas ya no es obligatorio en espacios abiertos; sin embargo, seamos realistas, no tenemos su sistema de salud. Tambi\u00e9n notamos que nuestros gobernantes no lo usan; seamos realistas, ellos tienen capacidad econ\u00f3mica si se enferman; nosotros no.<br>Por lo pronto, lo \u00fanico que nos queda es usarlo por prevenci\u00f3n, ya que as\u00ed lo recomiendan las autoridades sanitarias y es un ejemplo para nuestras ni\u00f1as y ni\u00f1os que regresar\u00e1n a clases presenciales.<\/p>\n\n\n\n<p>@NumerosRojos_BC<br><a href=\"mailto:caballero_brenda@hotmail.com\" target=\"_blank\" rel=\"noreferrer noopener\">caballero_brenda@hotmail.com<\/a><\/p>\n","protected":false},"excerpt":{"rendered":"<p>N\u00fameros Rojos Brenda Caballero Con caf\u00e9 en mano suben al autob\u00fas. La joven pareja, no mayor de 25 a\u00f1os, viaja a la Ciudad de M\u00e9xico. Buscan su asiento, se acomodan y se quitan el cubrebocas. Extienden la mesita auxiliar del asiento y empiezan a tomar su caf\u00e9. El cami\u00f3n inicia su marcha. Pasan dos horas [&hellip;]<\/p>\n","protected":false},"author":1,"featured_media":387,"comment_status":"open","ping_status":"open","sticky":false,"template":"","format":"standard","meta":{"_jetpack_memberships_contains_paid_content":false,"footnotes":""},"categories":[11],"tags":[],"class_list":["post-17387","post","type-post","status-publish","format-standard","has-post-thumbnail","hentry","category-opinion"],"jetpack_featured_media_url":"https:\/\/encuentroinformativo.com.mx\/wp-content\/uploads\/2020\/03\/7CF8A22B-2764-47BE-8F7F-38FE9E5D6A2F.jpeg","jetpack_sharing_enabled":true,"jetpack_likes_enabled":true,"amp_enabled":true,"_links":{"self":[{"href":"https:\/\/encuentroinformativo.com.mx\/index.php?rest_route=\/wp\/v2\/posts\/17387","targetHints":{"allow":["GET"]}}],"collection":[{"href":"https:\/\/encuentroinformativo.com.mx\/index.php?rest_route=\/wp\/v2\/posts"}],"about":[{"href":"https:\/\/encuentroinformativo.com.mx\/index.php?rest_route=\/wp\/v2\/types\/post"}],"author":[{"embeddable":true,"href":"https:\/\/encuentroinformativo.com.mx\/index.php?rest_route=\/wp\/v2\/users\/1"}],"replies":[{"embeddable":true,"href":"https:\/\/encuentroinformativo.com.mx\/index.php?rest_route=%2Fwp%2Fv2%2Fcomments&post=17387"}],"version-history":[{"count":1,"href":"https:\/\/encuentroinformativo.com.mx\/index.php?rest_route=\/wp\/v2\/posts\/17387\/revisions"}],"predecessor-version":[{"id":17388,"href":"https:\/\/encuentroinformativo.com.mx\/index.php?rest_route=\/wp\/v2\/posts\/17387\/revisions\/17388"}],"wp:featuredmedia":[{"embeddable":true,"href":"https:\/\/encuentroinformativo.com.mx\/index.php?rest_route=\/wp\/v2\/media\/387"}],"wp:attachment":[{"href":"https:\/\/encuentroinformativo.com.mx\/index.php?rest_route=%2Fwp%2Fv2%2Fmedia&parent=17387"}],"wp:term":[{"taxonomy":"category","embeddable":true,"href":"https:\/\/encuentroinformativo.com.mx\/index.php?rest_route=%2Fwp%2Fv2%2Fcategories&post=17387"},{"taxonomy":"post_tag","embeddable":true,"href":"https:\/\/encuentroinformativo.com.mx\/index.php?rest_route=%2Fwp%2Fv2%2Ftags&post=17387"}],"curies":[{"name":"wp","href":"https:\/\/api.w.org\/{rel}","templated":true}]}}