{"id":17389,"date":"2021-08-14T13:59:15","date_gmt":"2021-08-14T18:59:15","guid":{"rendered":"https:\/\/encuentroinformativo.com.mx\/?p=17389"},"modified":"2021-08-14T13:59:19","modified_gmt":"2021-08-14T18:59:19","slug":"realizan-operativos-en-transporte-publico","status":"publish","type":"post","link":"https:\/\/encuentroinformativo.com.mx\/?p=17389","title":{"rendered":"Realizan operativos en Transporte P\u00fablico"},"content":{"rendered":"\n<p><strong>Dar\u00edo Pale<\/strong> <\/p>\n\n\n\n<p>Xalapa, Ver.- Ismael Herrera Rodr\u00edguez delegado de Tr\u00e1nsito y Seguridad Vial en Xalapa, dio a conocer que con los elementos de la delegaci\u00f3n realizaron un operativo en compa\u00f1\u00eda de elementos de Seguridad P\u00fablica en la avenida Revoluci\u00f3n.<\/p>\n\n\n\n<p>Entrevistado durante el operativo se\u00f1al\u00f3 que de acuerdo al decreto que emiti\u00f3 el gobernador del estado realizan los cierres parciales ya que al transporte p\u00fablico si se le est\u00e1 dando el acceso en la modalidad de urbano y en la de taxi se les est\u00e1n desinfectando las unidades.<\/p>\n\n\n\n<p>Est\u00e1n trabajando en coordinaci\u00f3n Transporte P\u00fablico, Tr\u00e1nsito y la Polic\u00eda Municipal de Xalapa para realizar acciones preventivas y evitar las aglomeraciones y los contagios, mediante unas bombas se desinfectan las unidades adem\u00e1s de que est\u00e1n proporcionando gel y cubrebocas.<\/p>\n\n\n\n<p>Finalmente dio a conocer que el d\u00eda de ma\u00f1ana estar\u00e1n en la avenida Xalapa y calle Toluca en el tianguis para completar los 20 filtros en la capital del estado 16 en la zona centro, tres en Revoluci\u00f3n y uno m\u00e1s en la calle Toluca.\u00a0<\/p>\n","protected":false},"excerpt":{"rendered":"<p>Dar\u00edo Pale Xalapa, Ver.- Ismael Herrera Rodr\u00edguez delegado de Tr\u00e1nsito y Seguridad Vial en Xalapa, dio a conocer que con los elementos de la delegaci\u00f3n realizaron un operativo en compa\u00f1\u00eda de elementos de Seguridad P\u00fablica en la avenida Revoluci\u00f3n. Entrevistado durante el operativo se\u00f1al\u00f3 que de acuerdo al decreto que emiti\u00f3 el gobernador del estado [&hellip;]<\/p>\n","protected":false},"author":1,"featured_media":17390,"comment_status":"open","ping_status":"open","sticky":false,"template":"","format":"standard","meta":{"_jetpack_memberships_contains_paid_content":false,"footnotes":""},"categories":[3],"tags":[],"class_list":["post-17389","post","type-post","status-publish","format-standard","has-post-thumbnail","hentry","category-xalapa"],"jetpack_featured_media_url":"https:\/\/encuentroinformativo.com.mx\/wp-content\/uploads\/2021\/08\/BD783B44-6ECF-4DD1-901F-C0DC09D05F86.jpeg","jetpack_sharing_enabled":true,"jetpack_likes_enabled":true,"amp_enabled":true,"_links":{"self":[{"href":"https:\/\/encuentroinformativo.com.mx\/index.php?rest_route=\/wp\/v2\/posts\/17389","targetHints":{"allow":["GET"]}}],"collection":[{"href":"https:\/\/encuentroinformativo.com.mx\/index.php?rest_route=\/wp\/v2\/posts"}],"about":[{"href":"https:\/\/encuentroinformativo.com.mx\/index.php?rest_route=\/wp\/v2\/types\/post"}],"author":[{"embeddable":true,"href":"https:\/\/encuentroinformativo.com.mx\/index.php?rest_route=\/wp\/v2\/users\/1"}],"replies":[{"embeddable":true,"href":"https:\/\/encuentroinformativo.com.mx\/index.php?rest_route=%2Fwp%2Fv2%2Fcomments&post=17389"}],"version-history":[{"count":1,"href":"https:\/\/encuentroinformativo.com.mx\/index.php?rest_route=\/wp\/v2\/posts\/17389\/revisions"}],"predecessor-version":[{"id":17391,"href":"https:\/\/encuentroinformativo.com.mx\/index.php?rest_route=\/wp\/v2\/posts\/17389\/revisions\/17391"}],"wp:featuredmedia":[{"embeddable":true,"href":"https:\/\/encuentroinformativo.com.mx\/index.php?rest_route=\/wp\/v2\/media\/17390"}],"wp:attachment":[{"href":"https:\/\/encuentroinformativo.com.mx\/index.php?rest_route=%2Fwp%2Fv2%2Fmedia&parent=17389"}],"wp:term":[{"taxonomy":"category","embeddable":true,"href":"https:\/\/encuentroinformativo.com.mx\/index.php?rest_route=%2Fwp%2Fv2%2Fcategories&post=17389"},{"taxonomy":"post_tag","embeddable":true,"href":"https:\/\/encuentroinformativo.com.mx\/index.php?rest_route=%2Fwp%2Fv2%2Ftags&post=17389"}],"curies":[{"name":"wp","href":"https:\/\/api.w.org\/{rel}","templated":true}]}}