{"id":17392,"date":"2021-08-14T14:09:39","date_gmt":"2021-08-14T19:09:39","guid":{"rendered":"https:\/\/encuentroinformativo.com.mx\/?p=17392"},"modified":"2021-08-14T14:09:43","modified_gmt":"2021-08-14T19:09:43","slug":"docentes-solicitan-apoyo-para-la-escuela-patria","status":"publish","type":"post","link":"https:\/\/encuentroinformativo.com.mx\/?p=17392","title":{"rendered":"Docentes solicitan apoyo para la escuela Patria"},"content":{"rendered":"\n<p><strong>Dar\u00edo Pale<\/strong><\/p>\n\n\n\n<p>Xalapa, Ver.- La directora de la escuela Patria del turno Vespertino de la avenida M\u00e1rtires 28 de Agosto se\u00f1al\u00f3 que en las instalaciones de dicha escuela hay socavones adem\u00e1s de que les hace falta drenaje y solicitaron el apoyo de las autoridades y hasta el momento no han tenido respuesta.<\/p>\n\n\n\n<p>Entrevistada en las instalaciones de la escuela se\u00f1al\u00f3 que constantemente le est\u00e1n dando mantenimiento a la escuela y entre los turnos Matutino y Vespertino se organizaron para realizar chapeo en diferentes \u00e1reas, adem\u00e1s de que ya lavaron los ba\u00f1os y algunos salones.<\/p>\n\n\n\n<p>Coment\u00f3 que el pr\u00f3ximo 27 de agosto padres de familia asistir\u00e1n para hacer la \u00faltima limpieza para que los ni\u00f1os puedan regresar a clase el d\u00eda 30 y tengan sus clases presenciales en un lugar limpio y desinfectado, adem\u00e1s de que el pr\u00f3ximo martes personal de Protecci\u00f3n Civil acudir\u00e1 a desinfectar las instalaciones.<\/p>\n\n\n\n<p>Dio a conocer que debido a que es una escuela muy antigua necesitan mucho apoyo para el mantenimiento ya que hay unas partes deterioradas adem\u00e1s de que no cuentan con drenaje, tienen fosa s\u00e9ptica y los ba\u00f1os del turno vespertino se hizo un socav\u00f3n y eso corriendo un gran riesgo por lo que necesitan mucho apoyo.<\/p>\n\n\n\n<p>Finalmente se\u00f1al\u00f3 que ya metieron oficios a Gobernaci\u00f3n, a la presidencia municipal y est\u00e1n a la espera de una respuesta por parte de las autoridades para ver en que los pueden apoyar, ya que lo solicitaron desde julio del a\u00f1o pasado.<\/p>\n\n\n\n<figure class=\"wp-block-image size-large\"><img loading=\"lazy\" decoding=\"async\" width=\"1024\" height=\"768\" src=\"https:\/\/encuentroinformativo.com.mx\/wp-content\/uploads\/2021\/08\/6BC195E7-3BA6-4765-B851-AFA2BC68F653-1024x768.jpeg\" alt=\"\" class=\"wp-image-17394\" srcset=\"https:\/\/encuentroinformativo.com.mx\/wp-content\/uploads\/2021\/08\/6BC195E7-3BA6-4765-B851-AFA2BC68F653-1024x768.jpeg 1024w, https:\/\/encuentroinformativo.com.mx\/wp-content\/uploads\/2021\/08\/6BC195E7-3BA6-4765-B851-AFA2BC68F653-300x225.jpeg 300w, https:\/\/encuentroinformativo.com.mx\/wp-content\/uploads\/2021\/08\/6BC195E7-3BA6-4765-B851-AFA2BC68F653-768x576.jpeg 768w, https:\/\/encuentroinformativo.com.mx\/wp-content\/uploads\/2021\/08\/6BC195E7-3BA6-4765-B851-AFA2BC68F653-1536x1152.jpeg 1536w, https:\/\/encuentroinformativo.com.mx\/wp-content\/uploads\/2021\/08\/6BC195E7-3BA6-4765-B851-AFA2BC68F653.jpeg 1600w\" sizes=\"auto, (max-width: 1024px) 100vw, 1024px\" \/><\/figure>\n","protected":false},"excerpt":{"rendered":"<p>Dar\u00edo Pale Xalapa, Ver.- La directora de la escuela Patria del turno Vespertino de la avenida M\u00e1rtires 28 de Agosto se\u00f1al\u00f3 que en las instalaciones de dicha escuela hay socavones adem\u00e1s de que les hace falta drenaje y solicitaron el apoyo de las autoridades y hasta el momento no han tenido respuesta. Entrevistada en las [&hellip;]<\/p>\n","protected":false},"author":1,"featured_media":17393,"comment_status":"open","ping_status":"open","sticky":false,"template":"","format":"standard","meta":{"_jetpack_memberships_contains_paid_content":false,"footnotes":""},"categories":[3],"tags":[],"class_list":["post-17392","post","type-post","status-publish","format-standard","has-post-thumbnail","hentry","category-xalapa"],"jetpack_featured_media_url":"https:\/\/encuentroinformativo.com.mx\/wp-content\/uploads\/2021\/08\/18A6EFDC-EAEE-46A2-92BE-04883364E9B4.jpeg","jetpack_sharing_enabled":true,"jetpack_likes_enabled":true,"amp_enabled":true,"_links":{"self":[{"href":"https:\/\/encuentroinformativo.com.mx\/index.php?rest_route=\/wp\/v2\/posts\/17392","targetHints":{"allow":["GET"]}}],"collection":[{"href":"https:\/\/encuentroinformativo.com.mx\/index.php?rest_route=\/wp\/v2\/posts"}],"about":[{"href":"https:\/\/encuentroinformativo.com.mx\/index.php?rest_route=\/wp\/v2\/types\/post"}],"author":[{"embeddable":true,"href":"https:\/\/encuentroinformativo.com.mx\/index.php?rest_route=\/wp\/v2\/users\/1"}],"replies":[{"embeddable":true,"href":"https:\/\/encuentroinformativo.com.mx\/index.php?rest_route=%2Fwp%2Fv2%2Fcomments&post=17392"}],"version-history":[{"count":1,"href":"https:\/\/encuentroinformativo.com.mx\/index.php?rest_route=\/wp\/v2\/posts\/17392\/revisions"}],"predecessor-version":[{"id":17395,"href":"https:\/\/encuentroinformativo.com.mx\/index.php?rest_route=\/wp\/v2\/posts\/17392\/revisions\/17395"}],"wp:featuredmedia":[{"embeddable":true,"href":"https:\/\/encuentroinformativo.com.mx\/index.php?rest_route=\/wp\/v2\/media\/17393"}],"wp:attachment":[{"href":"https:\/\/encuentroinformativo.com.mx\/index.php?rest_route=%2Fwp%2Fv2%2Fmedia&parent=17392"}],"wp:term":[{"taxonomy":"category","embeddable":true,"href":"https:\/\/encuentroinformativo.com.mx\/index.php?rest_route=%2Fwp%2Fv2%2Fcategories&post=17392"},{"taxonomy":"post_tag","embeddable":true,"href":"https:\/\/encuentroinformativo.com.mx\/index.php?rest_route=%2Fwp%2Fv2%2Ftags&post=17392"}],"curies":[{"name":"wp","href":"https:\/\/api.w.org\/{rel}","templated":true}]}}