{"id":17402,"date":"2021-08-15T13:48:23","date_gmt":"2021-08-15T18:48:23","guid":{"rendered":"https:\/\/encuentroinformativo.com.mx\/?p=17402"},"modified":"2021-08-15T13:48:27","modified_gmt":"2021-08-15T18:48:27","slug":"escuelas-sin-medidas-para-cumplir-sana-distancia-sindicato","status":"publish","type":"post","link":"https:\/\/encuentroinformativo.com.mx\/?p=17402","title":{"rendered":"Escuelas sin medidas para cumplir sana distancia: Sindicato"},"content":{"rendered":"\n<p><strong>Juan Arcos<\/strong><\/p>\n\n\n\n<p>Xalapa, Ver.- Diversas escuelas de Veracruz carecen de espacios amplios para garantizar la sana distancia en las aulas y as\u00ed evitar contagios de SARS-COV-2 (COVID-19) durante el regreso a clases presenciales, el pr\u00f3ximo 30 de agosto.<\/p>\n\n\n\n<p>De acuerdo con Daniel Hern\u00e1ndez del \u00c1ngel, dirigente del Movimiento Magisterial Popular Veracruzano (MMPV), es necesario que las escuelas cuenten con la infraestructura necesaria para garantizar que el retorno a las aulas se realice de manera segura.<\/p>\n\n\n\n<p>El entrevistado detall\u00f3 que hay grupos de 35 o 40 alumnos en espacios reducidos, donde ni siquiera existe una buena ventilaci\u00f3n y eso podr\u00eda representar un gran riesgo para la salud del estudiantado y los docentes.<\/p>\n\n\n\n<p>\u201cContamos con espacios muy peque\u00f1os. Las \u00e1reas no est\u00e1n adaptadas. No ha habido el recurso necesario para nuestras escuelas. Adem\u00e1s de los insumos necesarios\u201d, expres\u00f3.<\/p>\n\n\n\n<p>Tambi\u00e9n cientos de escuelas de las distintas regiones del estado han sido vandalizadas y saqueadas durante el confinamiento, principalmente las que se encuentran en la zona conturbada Veracruz-Boca del R\u00edo.<\/p>\n\n\n\n<p>En algunos casos, carecen de servicios b\u00e1sicos, sobre todo de energ\u00eda el\u00e9ctrica y agua potable, cuando esta \u00faltima es esencial para las medidas de higiene y as\u00ed evitar la propagaci\u00f3n del coronavirus.<\/p>\n\n\n\n<p>\u201cEntonces, qui\u00e9n se va a hacer cargo de surtir el material de sanidad, de salud, como jab\u00f3n, alcohol, gel antibacterial. La Secretar\u00eda de Educaci\u00f3n de Veracruz (SEV) est\u00e1 implementando un sistema de kits de limpieza, pero no es suficiente\u201d.<\/p>\n\n\n\n<p>En ese sentido, Hern\u00e1ndez del \u00c1ngel propuso que el gobierno federal y estatal se re\u00fanan con profesores y padres de familia para crear estrategias que faciliten el retorno a las aulas.<\/p>\n\n\n\n<p>\u201cPorque no podemos fincar una sola soluci\u00f3n para la sierra, para la zona rural, para la zona urbana, porque las condiciones son muy distintas\u201d.<\/p>\n\n\n\n<p>Finalmente, el l\u00edder del MMPV enfatiz\u00f3 que lo ideal es que los docentes est\u00e9n frente a grupo, en contacto directo con sus alumnos; sin embargo, las autoridades educativas deben garantizar las condiciones b\u00e1sicas descritas.<\/p>\n","protected":false},"excerpt":{"rendered":"<p>Juan Arcos Xalapa, Ver.- Diversas escuelas de Veracruz carecen de espacios amplios para garantizar la sana distancia en las aulas y as\u00ed evitar contagios de SARS-COV-2 (COVID-19) durante el regreso a clases presenciales, el pr\u00f3ximo 30 de agosto. De acuerdo con Daniel Hern\u00e1ndez del \u00c1ngel, dirigente del Movimiento Magisterial Popular Veracruzano (MMPV), es necesario que [&hellip;]<\/p>\n","protected":false},"author":1,"featured_media":17403,"comment_status":"open","ping_status":"open","sticky":false,"template":"","format":"standard","meta":{"_jetpack_memberships_contains_paid_content":false,"footnotes":""},"categories":[2],"tags":[],"class_list":["post-17402","post","type-post","status-publish","format-standard","has-post-thumbnail","hentry","category-estado"],"jetpack_featured_media_url":"https:\/\/encuentroinformativo.com.mx\/wp-content\/uploads\/2021\/08\/B8832227-C637-4EAB-97DB-C67E937EF7F5.jpeg","jetpack_sharing_enabled":true,"jetpack_likes_enabled":true,"amp_enabled":true,"_links":{"self":[{"href":"https:\/\/encuentroinformativo.com.mx\/index.php?rest_route=\/wp\/v2\/posts\/17402","targetHints":{"allow":["GET"]}}],"collection":[{"href":"https:\/\/encuentroinformativo.com.mx\/index.php?rest_route=\/wp\/v2\/posts"}],"about":[{"href":"https:\/\/encuentroinformativo.com.mx\/index.php?rest_route=\/wp\/v2\/types\/post"}],"author":[{"embeddable":true,"href":"https:\/\/encuentroinformativo.com.mx\/index.php?rest_route=\/wp\/v2\/users\/1"}],"replies":[{"embeddable":true,"href":"https:\/\/encuentroinformativo.com.mx\/index.php?rest_route=%2Fwp%2Fv2%2Fcomments&post=17402"}],"version-history":[{"count":1,"href":"https:\/\/encuentroinformativo.com.mx\/index.php?rest_route=\/wp\/v2\/posts\/17402\/revisions"}],"predecessor-version":[{"id":17404,"href":"https:\/\/encuentroinformativo.com.mx\/index.php?rest_route=\/wp\/v2\/posts\/17402\/revisions\/17404"}],"wp:featuredmedia":[{"embeddable":true,"href":"https:\/\/encuentroinformativo.com.mx\/index.php?rest_route=\/wp\/v2\/media\/17403"}],"wp:attachment":[{"href":"https:\/\/encuentroinformativo.com.mx\/index.php?rest_route=%2Fwp%2Fv2%2Fmedia&parent=17402"}],"wp:term":[{"taxonomy":"category","embeddable":true,"href":"https:\/\/encuentroinformativo.com.mx\/index.php?rest_route=%2Fwp%2Fv2%2Fcategories&post=17402"},{"taxonomy":"post_tag","embeddable":true,"href":"https:\/\/encuentroinformativo.com.mx\/index.php?rest_route=%2Fwp%2Fv2%2Ftags&post=17402"}],"curies":[{"name":"wp","href":"https:\/\/api.w.org\/{rel}","templated":true}]}}