{"id":17405,"date":"2021-08-15T15:08:21","date_gmt":"2021-08-15T20:08:21","guid":{"rendered":"https:\/\/encuentroinformativo.com.mx\/?p=17405"},"modified":"2021-08-15T15:08:25","modified_gmt":"2021-08-15T20:08:25","slug":"de-manera-oficial-arquidiocesis-abre-sede-vacante","status":"publish","type":"post","link":"https:\/\/encuentroinformativo.com.mx\/?p=17405","title":{"rendered":"De manera oficial, Arquidi\u00f3cesis abre \u201csede vacante\u201d"},"content":{"rendered":"\n<p><strong>Juan Arcos<\/strong><\/p>\n\n\n\n<p>Xalapa, Ver.- La Arquidi\u00f3cesis de Xalapa entr\u00f3 en el periodo \u201csede vacante\u201d para el pr\u00f3ximo nombramiento de quien asumir\u00e1 el cargo del Arzobispo Hip\u00f3lito Reyes Larios, tras su fallecimiento el pasado 8 de agosto.\u00a0<\/p>\n\n\n\n<p>De acuerdo con el vocero de la Arquidi\u00f3cesis de Xalapa, Jos\u00e9 Manuel Suazo Reyes, en el C\u00f3digo de Derecho Can\u00f3nico se establece que ser\u00e1 designado un administrador.<\/p>\n\n\n\n<p>\u201cEstamos a la espera de que se d\u00e9 a conocer el nombramiento de un Administrador. \u00c9ste puede ser diocesano o apost\u00f3lico. Es diocesano cuando se elige de entre los miembros del Consejo de Consultores y es apost\u00f3lico cuando lo designa la Santa Sede\u201d, expres\u00f3.<\/p>\n\n\n\n<p>El Presb\u00edtero record\u00f3 que para el cargo de administrador diocesano solo puede ser designado v\u00e1lidamente un sacerdote que tenga cumplidos 35 a\u00f1os y que no haya sido elegido, nombrado o presentado para la misma sede vacante. Adem\u00e1s, de que debe destacar por su doctrina y prudencia.<\/p>\n\n\n\n<p>Record\u00f3 que el nuevo administrador deber\u00e1 gozar de la potestad del Obispo diocesano, con exclusi\u00f3n de todo aquello que por su misma naturaleza o por el derecho mismo est\u00e9 exceptuado.<\/p>\n\n\n\n<p>Tambi\u00e9n se proh\u00edbe a quienes se hacen cargo interinamente del r\u00e9gimen de la Di\u00f3cesis realizar cualquier acto que pueda causar perjuicio a \u00e9sta o a los derechos episcopales, tambi\u00e9n se proh\u00edbe destruir o alterar alg\u00fan documento de la curia diocesana.<\/p>\n\n\n\n<p>\u201cEl administrador diocesano est\u00e1 obligado a residir en la Di\u00f3cesis y aplicar la misa por el pueblo, cesa en su cargo cuando el Obispo toma posesi\u00f3n de la Di\u00f3cesis\u201d.<\/p>\n\n\n\n<p>Cabe recordar que el Monse\u00f1or Hip\u00f3lito Reyes Larios muri\u00f3 en un hospital privado a causa de una hemorragia interna. Esto ocurri\u00f3 a unos d\u00edas de cumplir 75 a\u00f1os, en 13 de agosto.<\/p>\n\n\n\n<p>\u201cNuestra arquidi\u00f3cesis se mantiene en oraci\u00f3n constante. En todas las parroquias estamos orando con nuestras comunidades por el eterno descanso de Monse\u00f1or Hip\u00f3lito Reyes Larios y para que el Esp\u00edritu Santo, en la persona del Santo Padre, elija un nuevo pastor que responda a las necesidades de nuestra Iglesia diocesana\u201d, enfatiz\u00f3 el vocero de la Arquidi\u00f3cesis.<\/p>\n","protected":false},"excerpt":{"rendered":"<p>Juan Arcos Xalapa, Ver.- La Arquidi\u00f3cesis de Xalapa entr\u00f3 en el periodo \u201csede vacante\u201d para el pr\u00f3ximo nombramiento de quien asumir\u00e1 el cargo del Arzobispo Hip\u00f3lito Reyes Larios, tras su fallecimiento el pasado 8 de agosto.\u00a0 De acuerdo con el vocero de la Arquidi\u00f3cesis de Xalapa, Jos\u00e9 Manuel Suazo Reyes, en el C\u00f3digo de Derecho [&hellip;]<\/p>\n","protected":false},"author":1,"featured_media":17406,"comment_status":"open","ping_status":"open","sticky":false,"template":"","format":"standard","meta":{"_jetpack_memberships_contains_paid_content":false,"footnotes":""},"categories":[3],"tags":[],"class_list":["post-17405","post","type-post","status-publish","format-standard","has-post-thumbnail","hentry","category-xalapa"],"jetpack_featured_media_url":"https:\/\/encuentroinformativo.com.mx\/wp-content\/uploads\/2021\/08\/879AC1C0-F1C7-4815-9273-490D552D953B.jpeg","jetpack_sharing_enabled":true,"jetpack_likes_enabled":true,"amp_enabled":true,"_links":{"self":[{"href":"https:\/\/encuentroinformativo.com.mx\/index.php?rest_route=\/wp\/v2\/posts\/17405","targetHints":{"allow":["GET"]}}],"collection":[{"href":"https:\/\/encuentroinformativo.com.mx\/index.php?rest_route=\/wp\/v2\/posts"}],"about":[{"href":"https:\/\/encuentroinformativo.com.mx\/index.php?rest_route=\/wp\/v2\/types\/post"}],"author":[{"embeddable":true,"href":"https:\/\/encuentroinformativo.com.mx\/index.php?rest_route=\/wp\/v2\/users\/1"}],"replies":[{"embeddable":true,"href":"https:\/\/encuentroinformativo.com.mx\/index.php?rest_route=%2Fwp%2Fv2%2Fcomments&post=17405"}],"version-history":[{"count":1,"href":"https:\/\/encuentroinformativo.com.mx\/index.php?rest_route=\/wp\/v2\/posts\/17405\/revisions"}],"predecessor-version":[{"id":17407,"href":"https:\/\/encuentroinformativo.com.mx\/index.php?rest_route=\/wp\/v2\/posts\/17405\/revisions\/17407"}],"wp:featuredmedia":[{"embeddable":true,"href":"https:\/\/encuentroinformativo.com.mx\/index.php?rest_route=\/wp\/v2\/media\/17406"}],"wp:attachment":[{"href":"https:\/\/encuentroinformativo.com.mx\/index.php?rest_route=%2Fwp%2Fv2%2Fmedia&parent=17405"}],"wp:term":[{"taxonomy":"category","embeddable":true,"href":"https:\/\/encuentroinformativo.com.mx\/index.php?rest_route=%2Fwp%2Fv2%2Fcategories&post=17405"},{"taxonomy":"post_tag","embeddable":true,"href":"https:\/\/encuentroinformativo.com.mx\/index.php?rest_route=%2Fwp%2Fv2%2Ftags&post=17405"}],"curies":[{"name":"wp","href":"https:\/\/api.w.org\/{rel}","templated":true}]}}