{"id":17415,"date":"2021-08-16T10:33:04","date_gmt":"2021-08-16T15:33:04","guid":{"rendered":"https:\/\/encuentroinformativo.com.mx\/?p=17415"},"modified":"2021-08-16T10:33:07","modified_gmt":"2021-08-16T15:33:07","slug":"docentes-mantienen-reclamos-en-asignacion-de-plazas","status":"publish","type":"post","link":"https:\/\/encuentroinformativo.com.mx\/?p=17415","title":{"rendered":"Docentes mantienen reclamos en asignaci\u00f3n de plazas"},"content":{"rendered":"\n<p><strong>Juan Arcos <\/strong><\/p>\n\n\n\n<p>Xalapa, Ver.- Docentes de diversos municipios protestaron afuera de las oficinas centrales de la Secretar\u00eda de Educaci\u00f3n de Veracruz (SEV), para exigir que ampl\u00eden las vacantes para la asignaci\u00f3n de plazas docentes en el ciclo escolar 2021-2022.<\/p>\n\n\n\n<p>Se trata de unos 5 mil profesores que egresaron como licenciados en preescolar, educaci\u00f3n b\u00e1sica, educaci\u00f3n especial y psicolog\u00eda educativa, quienes no han podido laborar por la falta de espacios ofertados.<\/p>\n\n\n\n<p>Los quejosos dijeron haber protestado varias veces en las oficinas de la dependencia estatal, ubicada sobre la carretera federal Xalapa-Veracruz, sin obtener una respuesta favorable.<\/p>\n\n\n\n<p>Incluso, mostraron oficios con folio, firmados y sellados por autoridades educativas, donde se comprometen a atender sus peticiones sobre el incremento en el n\u00famero de plazas ofertadas.<\/p>\n\n\n\n<p>De acuerdo con algunos de ellos, quienes solicitaron el anonimato, los docentes egresados temen quedarse sin empleo durante todo un a\u00f1o por la falta de transparencia en el proceso de admisi\u00f3n.<\/p>\n\n\n\n<p>\u201cYa fuimos evaluados, ya hicimos examen, ya lo pasamos, tenemos buenos lugares, tenemos t\u00edtulo, c\u00e9dula profesional, tenemos todo para trabajar. Exigimos un mayor n\u00famero de plazas\u201d.<\/p>\n\n\n\n<p>Mencionaron que las autoridades educativas s\u00f3lo les han dado \u201clargas\u201d y, por ello, se han visto en la necesidad de continuar las protestas.<\/p>\n\n\n\n<p>Los inconformes viajaron desde Tuxpan, P\u00e1nuco, Las Choapas, Tierra Blanca, Tantoyuca, C\u00f3rdoba, Orizaba, Minatitl\u00e1n, Coatzacoalcos y otros municipios para que sean escuchadas sus demandas.<\/p>\n","protected":false},"excerpt":{"rendered":"<p>Juan Arcos Xalapa, Ver.- Docentes de diversos municipios protestaron afuera de las oficinas centrales de la Secretar\u00eda de Educaci\u00f3n de Veracruz (SEV), para exigir que ampl\u00eden las vacantes para la asignaci\u00f3n de plazas docentes en el ciclo escolar 2021-2022. Se trata de unos 5 mil profesores que egresaron como licenciados en preescolar, educaci\u00f3n b\u00e1sica, educaci\u00f3n [&hellip;]<\/p>\n","protected":false},"author":1,"featured_media":17416,"comment_status":"open","ping_status":"open","sticky":false,"template":"","format":"standard","meta":{"_jetpack_memberships_contains_paid_content":false,"footnotes":""},"categories":[3],"tags":[],"class_list":["post-17415","post","type-post","status-publish","format-standard","has-post-thumbnail","hentry","category-xalapa"],"jetpack_featured_media_url":"https:\/\/encuentroinformativo.com.mx\/wp-content\/uploads\/2021\/08\/0ADC10B2-62DD-4FFA-8341-2A3E30FD7C6E.jpeg","jetpack_sharing_enabled":true,"jetpack_likes_enabled":true,"amp_enabled":true,"_links":{"self":[{"href":"https:\/\/encuentroinformativo.com.mx\/index.php?rest_route=\/wp\/v2\/posts\/17415","targetHints":{"allow":["GET"]}}],"collection":[{"href":"https:\/\/encuentroinformativo.com.mx\/index.php?rest_route=\/wp\/v2\/posts"}],"about":[{"href":"https:\/\/encuentroinformativo.com.mx\/index.php?rest_route=\/wp\/v2\/types\/post"}],"author":[{"embeddable":true,"href":"https:\/\/encuentroinformativo.com.mx\/index.php?rest_route=\/wp\/v2\/users\/1"}],"replies":[{"embeddable":true,"href":"https:\/\/encuentroinformativo.com.mx\/index.php?rest_route=%2Fwp%2Fv2%2Fcomments&post=17415"}],"version-history":[{"count":1,"href":"https:\/\/encuentroinformativo.com.mx\/index.php?rest_route=\/wp\/v2\/posts\/17415\/revisions"}],"predecessor-version":[{"id":17417,"href":"https:\/\/encuentroinformativo.com.mx\/index.php?rest_route=\/wp\/v2\/posts\/17415\/revisions\/17417"}],"wp:featuredmedia":[{"embeddable":true,"href":"https:\/\/encuentroinformativo.com.mx\/index.php?rest_route=\/wp\/v2\/media\/17416"}],"wp:attachment":[{"href":"https:\/\/encuentroinformativo.com.mx\/index.php?rest_route=%2Fwp%2Fv2%2Fmedia&parent=17415"}],"wp:term":[{"taxonomy":"category","embeddable":true,"href":"https:\/\/encuentroinformativo.com.mx\/index.php?rest_route=%2Fwp%2Fv2%2Fcategories&post=17415"},{"taxonomy":"post_tag","embeddable":true,"href":"https:\/\/encuentroinformativo.com.mx\/index.php?rest_route=%2Fwp%2Fv2%2Ftags&post=17415"}],"curies":[{"name":"wp","href":"https:\/\/api.w.org\/{rel}","templated":true}]}}