{"id":17418,"date":"2021-08-16T12:20:46","date_gmt":"2021-08-16T17:20:46","guid":{"rendered":"https:\/\/encuentroinformativo.com.mx\/?p=17418"},"modified":"2021-08-16T12:20:51","modified_gmt":"2021-08-16T17:20:51","slug":"federacion-responsable-de-otorgar-plazas-sev","status":"publish","type":"post","link":"https:\/\/encuentroinformativo.com.mx\/?p=17418","title":{"rendered":"Federaci\u00f3n responsable de otorgar plazas: SEV"},"content":{"rendered":"\n<p><strong>Dar\u00edo Pale<\/strong><\/p>\n\n\n\n<p>Xalapa, Ver.- Efra\u00edn Lizarraga Meza secretario particular del titular de la Secretar\u00eda de Educaci\u00f3n de Veracruz (SEV), Zenyazen Roberto Escobar Garc\u00eda dio a conocer que no depende del estado si no de la federaci\u00f3n el otorgar m\u00e1s plazas para Veracruz.<\/p>\n\n\n\n<p>Entrevistado en las afueras de las instalaciones de la SEV, coment\u00f3 que siempre han buscado realizar la contrataci\u00f3n del mayor n\u00famero de docentes por la necesidad que tienen en las escuelas, por lo que siempre tratar\u00e1n de gestionar con las autoridades correspondientes lograr el mayor n\u00famero de plazas para Veraruz.<\/p>\n\n\n\n<p>Se\u00f1al\u00f3 que est\u00e1n haciendo la solicitud y la gesti\u00f3n ante la Unidad del Sistema para la Carrera de las Maestros y Maestros (USICAMM), para lograr un mayor n\u00famero de bases, ya que depende de la federaci\u00f3n la asignaci\u00f3n de las mismas no depende del estado ya que la SEV quiere contratar a un n\u00famero mayor de docentes.<\/p>\n\n\n\n<p>Les inform\u00f3 a los manifestantes que buscar\u00e1n apoyarlos y avanzaran ese tema para que sean contratados en cuanto la federaci\u00f3n los apoye otorgando m\u00e1s bases, pero el docente que no cuente con la puntuaci\u00f3n necesaria ara ser acreedor a una base le dan un interinato para que genere la experiencia correspondiente y logre en futuras evaluaciones una mayor puntuaci\u00f3n.<\/p>\n\n\n\n<p>&#8220;El tema que ellos presentan las molestias o la inconformidad es que en a\u00f1os anteriores hab\u00eda contrataciones de un promedio de arriba de mil 500 contrataciones promedio y ahorita tenemos un promedio de 900, que es lo que sucede que muchos docentes pues no se han jubilado como estamos en el tema de la pandemia y est\u00e1n a resguardo los maestros no soltaron sus bases&#8221;, se\u00f1al\u00f3.<\/p>\n\n\n\n<p>Finalmente se\u00f1al\u00f3 que no har\u00e1n el huso de la fuerza para desalojar a los maestros ya que siempre estar\u00e1n dispuestos al di\u00e1logo y que los los docentes les den la oportunidad de demostrar que son amigo del docente y que es una administraci\u00f3n diferente ya que la SEV es la casa de los maestros y siempre ser\u00e1n atendidos.<\/p>\n","protected":false},"excerpt":{"rendered":"<p>Dar\u00edo Pale Xalapa, Ver.- Efra\u00edn Lizarraga Meza secretario particular del titular de la Secretar\u00eda de Educaci\u00f3n de Veracruz (SEV), Zenyazen Roberto Escobar Garc\u00eda dio a conocer que no depende del estado si no de la federaci\u00f3n el otorgar m\u00e1s plazas para Veracruz. Entrevistado en las afueras de las instalaciones de la SEV, coment\u00f3 que siempre [&hellip;]<\/p>\n","protected":false},"author":1,"featured_media":17419,"comment_status":"open","ping_status":"open","sticky":false,"template":"","format":"standard","meta":{"_jetpack_memberships_contains_paid_content":false,"footnotes":""},"categories":[3],"tags":[],"class_list":["post-17418","post","type-post","status-publish","format-standard","has-post-thumbnail","hentry","category-xalapa"],"jetpack_featured_media_url":"https:\/\/encuentroinformativo.com.mx\/wp-content\/uploads\/2021\/08\/2D4C7608-E24D-44B9-B38C-EACB47EB8C6C.jpeg","jetpack_sharing_enabled":true,"jetpack_likes_enabled":true,"amp_enabled":true,"_links":{"self":[{"href":"https:\/\/encuentroinformativo.com.mx\/index.php?rest_route=\/wp\/v2\/posts\/17418","targetHints":{"allow":["GET"]}}],"collection":[{"href":"https:\/\/encuentroinformativo.com.mx\/index.php?rest_route=\/wp\/v2\/posts"}],"about":[{"href":"https:\/\/encuentroinformativo.com.mx\/index.php?rest_route=\/wp\/v2\/types\/post"}],"author":[{"embeddable":true,"href":"https:\/\/encuentroinformativo.com.mx\/index.php?rest_route=\/wp\/v2\/users\/1"}],"replies":[{"embeddable":true,"href":"https:\/\/encuentroinformativo.com.mx\/index.php?rest_route=%2Fwp%2Fv2%2Fcomments&post=17418"}],"version-history":[{"count":1,"href":"https:\/\/encuentroinformativo.com.mx\/index.php?rest_route=\/wp\/v2\/posts\/17418\/revisions"}],"predecessor-version":[{"id":17420,"href":"https:\/\/encuentroinformativo.com.mx\/index.php?rest_route=\/wp\/v2\/posts\/17418\/revisions\/17420"}],"wp:featuredmedia":[{"embeddable":true,"href":"https:\/\/encuentroinformativo.com.mx\/index.php?rest_route=\/wp\/v2\/media\/17419"}],"wp:attachment":[{"href":"https:\/\/encuentroinformativo.com.mx\/index.php?rest_route=%2Fwp%2Fv2%2Fmedia&parent=17418"}],"wp:term":[{"taxonomy":"category","embeddable":true,"href":"https:\/\/encuentroinformativo.com.mx\/index.php?rest_route=%2Fwp%2Fv2%2Fcategories&post=17418"},{"taxonomy":"post_tag","embeddable":true,"href":"https:\/\/encuentroinformativo.com.mx\/index.php?rest_route=%2Fwp%2Fv2%2Ftags&post=17418"}],"curies":[{"name":"wp","href":"https:\/\/api.w.org\/{rel}","templated":true}]}}