{"id":17421,"date":"2021-08-16T13:40:29","date_gmt":"2021-08-16T18:40:29","guid":{"rendered":"https:\/\/encuentroinformativo.com.mx\/?p=17421"},"modified":"2021-08-16T13:40:33","modified_gmt":"2021-08-16T18:40:33","slug":"repuntan-asaltos-en-fraccionamiento-las-fuentes","status":"publish","type":"post","link":"https:\/\/encuentroinformativo.com.mx\/?p=17421","title":{"rendered":"Repuntan asaltos en fraccionamiento Las Fuentes"},"content":{"rendered":"\n<p><strong>Juan Arcos<\/strong><\/p>\n\n\n\n<p>Xalapa, Ver.- Los asaltos a mano armada y robos a casa habitaci\u00f3n repuntaron durante las \u00faltimas semanas en el fraccionamiento Las Fuentes, ubicado en la zona sur de esta ciudad capital.<\/p>\n\n\n\n<p>Los vecinos denunciaron, de manera an\u00f3nima por temor a represalias, que ha aumentado la presencia de personas sospechosas en la zona.<\/p>\n\n\n\n<p>Durante el fin de semana, entre las 13:00 y 14:00 horas, fue saqueada una vivienda ubicada sobre la calle Neptuno.<\/p>\n\n\n\n<p>Algunas personas se han organizado en grupos de vecinos vigilantes para alertarse y evitar los atracos; sin embargo, salen a trabajar durante el d\u00eda y, al volver, han encontrado sus casas vac\u00edas.<\/p>\n\n\n\n<p>\u201cVes que se comunican, supuestamente vienen dos personas, te tocan para hacerte una encuesta, cosas muy extra\u00f1as. Aqu\u00ed hay grupos de vecinos, pero tambi\u00e9n est\u00e1 la situaci\u00f3n de muchos vecinos que se van todo el d\u00eda a trabajar, regresan hasta la tarde y est\u00e1 pasando eso: desconocidos vienen, se comunican, despu\u00e9s llega un taxi o un carro, se mete a tu estacionamiento y te vac\u00edan la casa\u201d.<\/p>\n\n\n\n<p>La gente mencion\u00f3 que \u00faltimamente han disminuido los recorridos por parte de patrullas, tanto de la Polic\u00eda Municipal como de la Secretar\u00eda de Seguridad P\u00fablica (SSP).<\/p>\n\n\n\n<p>Sin embargo, consideraron necesario que las autoridades incrementen la vigilancia en el fraccionamiento y que el ayuntamiento de Xalapa intervenga para reparar las luminarias que se encuentran averiadas.<\/p>\n\n\n\n<p>En las paradas del autob\u00fas, que se encuentran sobre el bulevar Fuente de Tl\u00e1loc, tambi\u00e9n han sido asaltados lo transe\u00fantes.<\/p>\n\n\n\n<p>Un joven relat\u00f3 que la noche del pasado viernes 13 de agosto fue golpeado por sujetos que le robaron su mochila con distintas pertenencias.<\/p>\n\n\n\n<p>\u201cSi se va a volver a las clases presenciales, la gente que va al COBAEV hacen parada ah\u00ed y corren riesgo. Hace unos d\u00edas asaltaron a un chico en la parada del cami\u00f3n, hay un tramo de monte, de un kil\u00f3metro y medio, y es probable que se pierdan (los delincuentes)\u201d, alertaron los pobladores.<\/p>\n","protected":false},"excerpt":{"rendered":"<p>Juan Arcos Xalapa, Ver.- Los asaltos a mano armada y robos a casa habitaci\u00f3n repuntaron durante las \u00faltimas semanas en el fraccionamiento Las Fuentes, ubicado en la zona sur de esta ciudad capital. Los vecinos denunciaron, de manera an\u00f3nima por temor a represalias, que ha aumentado la presencia de personas sospechosas en la zona. Durante [&hellip;]<\/p>\n","protected":false},"author":1,"featured_media":17422,"comment_status":"open","ping_status":"open","sticky":false,"template":"","format":"standard","meta":{"_jetpack_memberships_contains_paid_content":false,"footnotes":""},"categories":[3],"tags":[],"class_list":["post-17421","post","type-post","status-publish","format-standard","has-post-thumbnail","hentry","category-xalapa"],"jetpack_featured_media_url":"https:\/\/encuentroinformativo.com.mx\/wp-content\/uploads\/2021\/08\/FEA76427-A5A9-447E-8B95-269416F8AB14.jpeg","jetpack_sharing_enabled":true,"jetpack_likes_enabled":true,"amp_enabled":true,"_links":{"self":[{"href":"https:\/\/encuentroinformativo.com.mx\/index.php?rest_route=\/wp\/v2\/posts\/17421","targetHints":{"allow":["GET"]}}],"collection":[{"href":"https:\/\/encuentroinformativo.com.mx\/index.php?rest_route=\/wp\/v2\/posts"}],"about":[{"href":"https:\/\/encuentroinformativo.com.mx\/index.php?rest_route=\/wp\/v2\/types\/post"}],"author":[{"embeddable":true,"href":"https:\/\/encuentroinformativo.com.mx\/index.php?rest_route=\/wp\/v2\/users\/1"}],"replies":[{"embeddable":true,"href":"https:\/\/encuentroinformativo.com.mx\/index.php?rest_route=%2Fwp%2Fv2%2Fcomments&post=17421"}],"version-history":[{"count":1,"href":"https:\/\/encuentroinformativo.com.mx\/index.php?rest_route=\/wp\/v2\/posts\/17421\/revisions"}],"predecessor-version":[{"id":17423,"href":"https:\/\/encuentroinformativo.com.mx\/index.php?rest_route=\/wp\/v2\/posts\/17421\/revisions\/17423"}],"wp:featuredmedia":[{"embeddable":true,"href":"https:\/\/encuentroinformativo.com.mx\/index.php?rest_route=\/wp\/v2\/media\/17422"}],"wp:attachment":[{"href":"https:\/\/encuentroinformativo.com.mx\/index.php?rest_route=%2Fwp%2Fv2%2Fmedia&parent=17421"}],"wp:term":[{"taxonomy":"category","embeddable":true,"href":"https:\/\/encuentroinformativo.com.mx\/index.php?rest_route=%2Fwp%2Fv2%2Fcategories&post=17421"},{"taxonomy":"post_tag","embeddable":true,"href":"https:\/\/encuentroinformativo.com.mx\/index.php?rest_route=%2Fwp%2Fv2%2Ftags&post=17421"}],"curies":[{"name":"wp","href":"https:\/\/api.w.org\/{rel}","templated":true}]}}