{"id":17431,"date":"2021-08-16T14:44:46","date_gmt":"2021-08-16T19:44:46","guid":{"rendered":"https:\/\/encuentroinformativo.com.mx\/?p=17431"},"modified":"2021-08-16T14:44:50","modified_gmt":"2021-08-16T19:44:50","slug":"celebra-gobernador-detencion-de-el-vani","status":"publish","type":"post","link":"https:\/\/encuentroinformativo.com.mx\/?p=17431","title":{"rendered":"Celebra Gobernador detenci\u00f3n de \u201cEl Vani\u201d"},"content":{"rendered":"\n<p><strong>Dar\u00edo Pale<\/strong><\/p>\n\n\n\n<p>Xalapa, Ver.- El gobernador del estado Cuitl\u00e1huac Garc\u00eda Jim\u00e9nez dio a conocer que &#8220;El Vani&#8221; habr\u00eda operado en Jes\u00fas Carranza y Sayula para favorecer candidatos, adem\u00e1s de que lo se\u00f1al\u00f3 como integrante de la Familia Michoacana y fue detenido este lunes en la Ciudad de M\u00e9xico.<\/p>\n\n\n\n<p>En conferencia de prensa realizada en la sala de Banderas de palacio de gobierno, dio a conocer que aportar\u00e1 pruebas a la Fiscal\u00eda de la Ciudad de M\u00e9xico, luego de la detenci\u00f3n de &#8220;El Vani&#8221;, presunto integrante de la Familia Michoacana, quien operaba en los municipios de Jes\u00fas Carranza y Sayula de Alem\u00e1n, con candidatos y precandidatos en el pasado proceso electoral.<\/p>\n\n\n\n<p>Dio a conocer que esta ma\u00f1ana cuando elementos de la Secretar\u00eda de Seguridad Ciudadana de la Ciudad de M\u00e9xico (SSC CDMX) detuvieron en la alcald\u00eda \u00c1lvaro Obreg\u00f3n a Jhovanny \u201cN\u201d, alias &#8220;El Vani&#8221;, presunto operador de La Familia Michoacana, y que dicho sujeto era responsable de las transacciones con Sudam\u00e9rica.<\/p>\n\n\n\n<p>El Mandatario indic\u00f3 que fueron detenidos dos integrantes de dos bandas delictivas contrarias, que operaban en dichos municipios, por lo que record\u00f3 que ya hab\u00eda dicho que hab\u00eda presuntos integrantes de la delincuencia queriendo penetrar las alcald\u00edas.<\/p>\n\n\n\n<p>&#8220;Este es uno de los personajes que estaban intentando en dos municipios, Jes\u00fas Carranza y Sayula de Alem\u00e1n y tiene que ver con el traslado de mercanc\u00edas en el Istmo de Tehuantepec, por el proyecto del Corredor Trans\u00edstmico&#8221;, se\u00f1al\u00f3.<\/p>\n\n\n\n<p>Son integrantes de dos bandas delictivas que pretend\u00edan asentarse en la zona y quer\u00edan generar una base a trav\u00e9s del apoyo a candidatos, por ello, inform\u00f3 que en la mesa de Coordinaci\u00f3n Estatal para la Construcci\u00f3n de la Paz, acordaron apoyar a la Fiscal\u00eda de la Ciudad de M\u00e9xico para aportar lo que ven\u00edan indagando.<\/p>\n\n\n\n<p>Es decir, las personas con las que se reunieron en Jes\u00fas Carranza, ah\u00ed record\u00f3 que en dicho municipio se registraron diversos actos de violencia postelectoral, &#8220;tendr\u00e1n que decir por qu\u00e9 se reuni\u00f3 con uno de los candidatos all\u00e1 en Jes\u00fas Carranza&#8221;.<\/p>\n\n\n\n<p>Finalmente evit\u00f3 se\u00f1alar a alg\u00fan partido pol\u00edtico en particular, pero cabe recordar que el candidato del PT, Pasiano Rueda, afirm\u00f3 que \u00e9l gan\u00f3 las elecciones y una parte del pueblo evit\u00f3 que se llevaran los paquetes electorales, incluso al final los quemaron y el c\u00f3mputo final se llev\u00f3 a cabo por parte del Consejo General del OPLE, en esta capital, que dio el triunfo al candidato de Morena.<\/p>\n","protected":false},"excerpt":{"rendered":"<p>Dar\u00edo Pale Xalapa, Ver.- El gobernador del estado Cuitl\u00e1huac Garc\u00eda Jim\u00e9nez dio a conocer que &#8220;El Vani&#8221; habr\u00eda operado en Jes\u00fas Carranza y Sayula para favorecer candidatos, adem\u00e1s de que lo se\u00f1al\u00f3 como integrante de la Familia Michoacana y fue detenido este lunes en la Ciudad de M\u00e9xico. En conferencia de prensa realizada en la [&hellip;]<\/p>\n","protected":false},"author":1,"featured_media":17432,"comment_status":"open","ping_status":"open","sticky":false,"template":"","format":"standard","meta":{"_jetpack_memberships_contains_paid_content":false,"footnotes":""},"categories":[2],"tags":[],"class_list":["post-17431","post","type-post","status-publish","format-standard","has-post-thumbnail","hentry","category-estado"],"jetpack_featured_media_url":"https:\/\/encuentroinformativo.com.mx\/wp-content\/uploads\/2021\/08\/2E908300-9933-4B01-888B-A8A1D0FBB555.jpeg","jetpack_sharing_enabled":true,"jetpack_likes_enabled":true,"amp_enabled":true,"_links":{"self":[{"href":"https:\/\/encuentroinformativo.com.mx\/index.php?rest_route=\/wp\/v2\/posts\/17431","targetHints":{"allow":["GET"]}}],"collection":[{"href":"https:\/\/encuentroinformativo.com.mx\/index.php?rest_route=\/wp\/v2\/posts"}],"about":[{"href":"https:\/\/encuentroinformativo.com.mx\/index.php?rest_route=\/wp\/v2\/types\/post"}],"author":[{"embeddable":true,"href":"https:\/\/encuentroinformativo.com.mx\/index.php?rest_route=\/wp\/v2\/users\/1"}],"replies":[{"embeddable":true,"href":"https:\/\/encuentroinformativo.com.mx\/index.php?rest_route=%2Fwp%2Fv2%2Fcomments&post=17431"}],"version-history":[{"count":1,"href":"https:\/\/encuentroinformativo.com.mx\/index.php?rest_route=\/wp\/v2\/posts\/17431\/revisions"}],"predecessor-version":[{"id":17433,"href":"https:\/\/encuentroinformativo.com.mx\/index.php?rest_route=\/wp\/v2\/posts\/17431\/revisions\/17433"}],"wp:featuredmedia":[{"embeddable":true,"href":"https:\/\/encuentroinformativo.com.mx\/index.php?rest_route=\/wp\/v2\/media\/17432"}],"wp:attachment":[{"href":"https:\/\/encuentroinformativo.com.mx\/index.php?rest_route=%2Fwp%2Fv2%2Fmedia&parent=17431"}],"wp:term":[{"taxonomy":"category","embeddable":true,"href":"https:\/\/encuentroinformativo.com.mx\/index.php?rest_route=%2Fwp%2Fv2%2Fcategories&post=17431"},{"taxonomy":"post_tag","embeddable":true,"href":"https:\/\/encuentroinformativo.com.mx\/index.php?rest_route=%2Fwp%2Fv2%2Ftags&post=17431"}],"curies":[{"name":"wp","href":"https:\/\/api.w.org\/{rel}","templated":true}]}}