{"id":17440,"date":"2021-08-16T17:59:25","date_gmt":"2021-08-16T22:59:25","guid":{"rendered":"https:\/\/encuentroinformativo.com.mx\/?p=17440"},"modified":"2021-08-16T17:59:29","modified_gmt":"2021-08-16T22:59:29","slug":"tercera-ola-covid-afecto-ventas-de-palaperos-en-villa-del-mar","status":"publish","type":"post","link":"https:\/\/encuentroinformativo.com.mx\/?p=17440","title":{"rendered":"Tercera ola COVID afect\u00f3 ventas de palaperos en Villa del Mar"},"content":{"rendered":"\n<p><strong>Alejandro \u00c1vila<\/strong><\/p>\n\n\n\n<p>Veracruz, Ver.- Aunque las expectativas eran muy altas tras el buen mes de julio, durante los primeros 15 d\u00eda del mes de agosto, las ventas en la zona de papalas de Villa del Mar, en el puerto de Veracruz, han disminuido hasta un 15 por ciento.<\/p>\n\n\n\n<p>El l\u00edder de la zona, V\u00edctor Morales Azamar, mencion\u00f3 que desde hace 20 d\u00edas todo cambio y las ventas han venido a la baja, cuando en otros a\u00f1os, en temporada de verano se elevaban las ventas hasta en un 70 por ciento.<\/p>\n\n\n\n<p>\u201cLos que vienen compran un refresquito, una limonada y se van enseguida\u201d, apunt\u00f3.<\/p>\n\n\n\n<p>A diferencia del primer a\u00f1o de pandemia, donde asegur\u00f3 hubo m\u00e1s gente visitando la playa, en esta tercera ola, la gente ha dejado de asistir a este destino turistico.<\/p>\n\n\n\n<p>El comerciante, dijo que aunque lamenta la baja venta, considera que es mejor que las personas permanezcan en casa, pues el repunte en contagios y muertes es a\u00fan mayor que la primera vez.<\/p>\n\n\n\n<p>\u201cYo compre mucha pulpa de camar\u00f3n y no ha salido esta muy triste la situaci\u00f3n aqu\u00ed, pero vale m\u00e1s que estemos tristes y no difuntos\u201d.<\/p>\n","protected":false},"excerpt":{"rendered":"<p>Alejandro \u00c1vila Veracruz, Ver.- Aunque las expectativas eran muy altas tras el buen mes de julio, durante los primeros 15 d\u00eda del mes de agosto, las ventas en la zona de papalas de Villa del Mar, en el puerto de Veracruz, han disminuido hasta un 15 por ciento. El l\u00edder de la zona, V\u00edctor Morales [&hellip;]<\/p>\n","protected":false},"author":1,"featured_media":17441,"comment_status":"open","ping_status":"open","sticky":false,"template":"","format":"standard","meta":{"_jetpack_memberships_contains_paid_content":false,"footnotes":""},"categories":[2],"tags":[],"class_list":["post-17440","post","type-post","status-publish","format-standard","has-post-thumbnail","hentry","category-estado"],"jetpack_featured_media_url":"https:\/\/encuentroinformativo.com.mx\/wp-content\/uploads\/2021\/08\/1E72C16F-4795-4F6E-B817-0984702D8A26.jpeg","jetpack_sharing_enabled":true,"jetpack_likes_enabled":true,"amp_enabled":true,"_links":{"self":[{"href":"https:\/\/encuentroinformativo.com.mx\/index.php?rest_route=\/wp\/v2\/posts\/17440","targetHints":{"allow":["GET"]}}],"collection":[{"href":"https:\/\/encuentroinformativo.com.mx\/index.php?rest_route=\/wp\/v2\/posts"}],"about":[{"href":"https:\/\/encuentroinformativo.com.mx\/index.php?rest_route=\/wp\/v2\/types\/post"}],"author":[{"embeddable":true,"href":"https:\/\/encuentroinformativo.com.mx\/index.php?rest_route=\/wp\/v2\/users\/1"}],"replies":[{"embeddable":true,"href":"https:\/\/encuentroinformativo.com.mx\/index.php?rest_route=%2Fwp%2Fv2%2Fcomments&post=17440"}],"version-history":[{"count":1,"href":"https:\/\/encuentroinformativo.com.mx\/index.php?rest_route=\/wp\/v2\/posts\/17440\/revisions"}],"predecessor-version":[{"id":17442,"href":"https:\/\/encuentroinformativo.com.mx\/index.php?rest_route=\/wp\/v2\/posts\/17440\/revisions\/17442"}],"wp:featuredmedia":[{"embeddable":true,"href":"https:\/\/encuentroinformativo.com.mx\/index.php?rest_route=\/wp\/v2\/media\/17441"}],"wp:attachment":[{"href":"https:\/\/encuentroinformativo.com.mx\/index.php?rest_route=%2Fwp%2Fv2%2Fmedia&parent=17440"}],"wp:term":[{"taxonomy":"category","embeddable":true,"href":"https:\/\/encuentroinformativo.com.mx\/index.php?rest_route=%2Fwp%2Fv2%2Fcategories&post=17440"},{"taxonomy":"post_tag","embeddable":true,"href":"https:\/\/encuentroinformativo.com.mx\/index.php?rest_route=%2Fwp%2Fv2%2Ftags&post=17440"}],"curies":[{"name":"wp","href":"https:\/\/api.w.org\/{rel}","templated":true}]}}