{"id":17443,"date":"2021-08-16T18:44:20","date_gmt":"2021-08-16T23:44:20","guid":{"rendered":"https:\/\/encuentroinformativo.com.mx\/?p=17443"},"modified":"2021-08-16T18:48:33","modified_gmt":"2021-08-16T23:48:33","slug":"atracan-en-veracruz-buque-libertador-y-papaloapan","status":"publish","type":"post","link":"https:\/\/encuentroinformativo.com.mx\/?p=17443","title":{"rendered":"Atracan en Veracruz buque Libertador y Papaloapan"},"content":{"rendered":"\n<p><strong>Alejandro \u00c1vila<\/strong><\/p>\n\n\n\n<p>Veracruz, Ver.- Este lunes 16 de agosto, los buques Libertador y Papaloapan atracaron en el Puerto de Veracruz, tras regresar de Cuba, donde hab\u00edan llevado ayuda humanitaria al pa\u00eds caribe\u00f1o.<\/p>\n\n\n\n<p>El pasado 22 de julio zarparon con rumbo a Cuba, pa\u00eds que tras los disturbios pol\u00edticos, sufrio de desabasto de insumos, por lo que el gobierno de M\u00e9xico le envio alimentos, colchonetas, tanques de oxigeno, entre otras cosas.<\/p>\n\n\n\n<p>Por el momento se desconoce cual ser\u00e1 el destino de los buques y el tiempo que permamecer\u00e1n en Veracruz, pues hace unos d\u00edas, el presidente Andr\u00e9s Manuel L\u00f3pez Obrador, anunci\u00f3 que se enviar\u00e1 ayuda a Haiti, donde sufrieron desastres naturales.<\/p>\n\n\n\n<p>Durante la estancia anterior de los buques, los comerciantes senifijos del malec\u00f3n fueron retirados de la explanada y reubicados, para que los trailers con ayuda pudieran descargar en los buques; hasta este momento, no se les ha dado indicaci\u00f3n alguna a los vendedores y contin\u00faan trabajando de manera normal.<\/p>\n","protected":false},"excerpt":{"rendered":"<p>Alejandro \u00c1vila Veracruz, Ver.- Este lunes 16 de agosto, los buques Libertador y Papaloapan atracaron en el Puerto de Veracruz, tras regresar de Cuba, donde hab\u00edan llevado ayuda humanitaria al pa\u00eds caribe\u00f1o. El pasado 22 de julio zarparon con rumbo a Cuba, pa\u00eds que tras los disturbios pol\u00edticos, sufrio de desabasto de insumos, por lo [&hellip;]<\/p>\n","protected":false},"author":1,"featured_media":17444,"comment_status":"open","ping_status":"open","sticky":false,"template":"","format":"standard","meta":{"_jetpack_memberships_contains_paid_content":false,"footnotes":""},"categories":[2],"tags":[],"class_list":["post-17443","post","type-post","status-publish","format-standard","has-post-thumbnail","hentry","category-estado"],"jetpack_featured_media_url":"https:\/\/encuentroinformativo.com.mx\/wp-content\/uploads\/2021\/08\/69639D7E-E3DA-44D0-A1D3-33472E55F3DC.jpeg","jetpack_sharing_enabled":true,"jetpack_likes_enabled":true,"amp_enabled":true,"_links":{"self":[{"href":"https:\/\/encuentroinformativo.com.mx\/index.php?rest_route=\/wp\/v2\/posts\/17443","targetHints":{"allow":["GET"]}}],"collection":[{"href":"https:\/\/encuentroinformativo.com.mx\/index.php?rest_route=\/wp\/v2\/posts"}],"about":[{"href":"https:\/\/encuentroinformativo.com.mx\/index.php?rest_route=\/wp\/v2\/types\/post"}],"author":[{"embeddable":true,"href":"https:\/\/encuentroinformativo.com.mx\/index.php?rest_route=\/wp\/v2\/users\/1"}],"replies":[{"embeddable":true,"href":"https:\/\/encuentroinformativo.com.mx\/index.php?rest_route=%2Fwp%2Fv2%2Fcomments&post=17443"}],"version-history":[{"count":2,"href":"https:\/\/encuentroinformativo.com.mx\/index.php?rest_route=\/wp\/v2\/posts\/17443\/revisions"}],"predecessor-version":[{"id":17446,"href":"https:\/\/encuentroinformativo.com.mx\/index.php?rest_route=\/wp\/v2\/posts\/17443\/revisions\/17446"}],"wp:featuredmedia":[{"embeddable":true,"href":"https:\/\/encuentroinformativo.com.mx\/index.php?rest_route=\/wp\/v2\/media\/17444"}],"wp:attachment":[{"href":"https:\/\/encuentroinformativo.com.mx\/index.php?rest_route=%2Fwp%2Fv2%2Fmedia&parent=17443"}],"wp:term":[{"taxonomy":"category","embeddable":true,"href":"https:\/\/encuentroinformativo.com.mx\/index.php?rest_route=%2Fwp%2Fv2%2Fcategories&post=17443"},{"taxonomy":"post_tag","embeddable":true,"href":"https:\/\/encuentroinformativo.com.mx\/index.php?rest_route=%2Fwp%2Fv2%2Ftags&post=17443"}],"curies":[{"name":"wp","href":"https:\/\/api.w.org\/{rel}","templated":true}]}}