{"id":17447,"date":"2021-08-17T09:22:41","date_gmt":"2021-08-17T14:22:41","guid":{"rendered":"https:\/\/encuentroinformativo.com.mx\/?p=17447"},"modified":"2021-08-17T09:22:45","modified_gmt":"2021-08-17T14:22:45","slug":"nombran-a-obispo-de-papantla-administrador-de-la-arquidiocesis-de-xalapa","status":"publish","type":"post","link":"https:\/\/encuentroinformativo.com.mx\/?p=17447","title":{"rendered":"Nombran a obispo de Papantla administrador de la Arquidi\u00f3cesis de Xalapa"},"content":{"rendered":"\n<p><strong>Juan Arcos<\/strong><\/p>\n\n\n\n<p>Xalapa, Ver.- El Obispo de Papantla, Jos\u00e9 Trinidad Zapata Ortiz, ha sido nombrado Administrador Apost\u00f3lico de la \u201cSede Vacante\u201d de la Arquidi\u00f3cesis de Xalapa, tras el fallecimiento del Arzobispo Hip\u00f3lito Reyes Larios.<\/p>\n\n\n\n<p>La ma\u00f1ana de este martes 17 de agosto, la Nunciatura Apost\u00f3lica dio a conocer, a trav\u00e9s de la Secretar\u00eda General de la Conferencia del Episcopado Mexicano, que el Papa Francisco llev\u00f3 a cabo dicho nombramiento hasta la toma de posesi\u00f3n del nuevo Arzobispo de Xalapa.<\/p>\n\n\n\n<p>El vocero de la Arquidi\u00f3cesis de Xalapa, Jos\u00e9 Manuel Suazo Reyes, tambi\u00e9n confirm\u00f3 esta situaci\u00f3n mediante publicaciones en sus redes sociales.<\/p>\n\n\n\n<p>\u201cHa sido dado a conocer esta ma\u00f1ana, el nombramiento de S.E. Mons Jos\u00e9 Trinidad Ortiz, obispo de Papantla, Ver., como ADMINISTRADOR APOST\u00d3LICO de la sede vacante de la Arquidi\u00f3cesis de Xalapa, damos gracias a Dios porque siempre se muestra cercano a nosotros\u201d, se lee en un tuit.<\/p>\n\n\n\n<p>En un comunicado de la Conferencia del Episcopado Mexicano, los obispos mencionan: \u201cseguimos en oraci\u00f3n por el eterno descanso de Monse\u00f1or Hip\u00f3lito, y deseamos a Mons. Jos\u00e9 Trinidad,un desempe\u00f1o fecundo en la encomienda de administrar esta porci\u00f3n del Pueblo de Dios que peregrina en la Arquidi\u00f3cesis de Xalapa\u201d.<\/p>\n\n\n\n<p>Cabe recordar que Zapata Ortiz naci\u00f3 el 24 de mayo de 1959, en San Vicente de Plenitud, Fresnillo, Zacatecas, quien fue ordenado sacerdote en la ciudad de Durango, el 9 de mayo de 1990 por su Santidad Juan Pablo II durante una de sus visitas a M\u00e9xico, e incardinado a la Di\u00f3cesis de San Andr\u00e9s Tuxtla.<\/p>\n\n\n\n<p>Tambi\u00e9n inici\u00f3 su ministerio sacerdotal en la Parroquia de Catemaco, curs\u00f3 los estudios de Filosof\u00eda y Teolog\u00eda en el Seminario de Cristo Rey de vocaciones adultas en Coatlinch\u00e1n, Estado de M\u00e9xico durante los a\u00f1os 1984-1990.<\/p>\n\n\n\n<p>Obtuvo el t\u00edtulo de Licenciatura en Teolog\u00eda B\u00edblica en la Universidad Pontificia de M\u00e9xico durante los a\u00f1os 1993-1996.<\/p>\n\n\n\n<p>Fue nombrado Obispo de la Di\u00f3cesis de Papantla por Su Santidad Francisco, el 20 marzo de 2014, tomando posesi\u00f3n el 11 de junio del mismo a\u00f1o y siendo el octavo Obispo de la Di\u00f3cesis.<\/p>\n\n\n\n<p>\u201cLa Arquidi\u00f3cesis de Xalapa se congratula, da gracias a Dios y recibe con alegr\u00eda este nombramiento; ora a Dios por Mons. Jos\u00e9 Trinidad para que este encargo est\u00e9 lleno de frutos; Dios siempre ha estado cerca de nosotros\u201d, expres\u00f3 Suazo Reyes.<\/p>\n","protected":false},"excerpt":{"rendered":"<p>Juan Arcos Xalapa, Ver.- El Obispo de Papantla, Jos\u00e9 Trinidad Zapata Ortiz, ha sido nombrado Administrador Apost\u00f3lico de la \u201cSede Vacante\u201d de la Arquidi\u00f3cesis de Xalapa, tras el fallecimiento del Arzobispo Hip\u00f3lito Reyes Larios. La ma\u00f1ana de este martes 17 de agosto, la Nunciatura Apost\u00f3lica dio a conocer, a trav\u00e9s de la Secretar\u00eda General de [&hellip;]<\/p>\n","protected":false},"author":1,"featured_media":17448,"comment_status":"open","ping_status":"open","sticky":false,"template":"","format":"standard","meta":{"_jetpack_memberships_contains_paid_content":false,"footnotes":""},"categories":[2],"tags":[],"class_list":["post-17447","post","type-post","status-publish","format-standard","has-post-thumbnail","hentry","category-estado"],"jetpack_featured_media_url":"https:\/\/encuentroinformativo.com.mx\/wp-content\/uploads\/2021\/08\/CF8E4709-0491-4A85-B267-B3263B1ADA93.jpeg","jetpack_sharing_enabled":true,"jetpack_likes_enabled":true,"amp_enabled":true,"_links":{"self":[{"href":"https:\/\/encuentroinformativo.com.mx\/index.php?rest_route=\/wp\/v2\/posts\/17447","targetHints":{"allow":["GET"]}}],"collection":[{"href":"https:\/\/encuentroinformativo.com.mx\/index.php?rest_route=\/wp\/v2\/posts"}],"about":[{"href":"https:\/\/encuentroinformativo.com.mx\/index.php?rest_route=\/wp\/v2\/types\/post"}],"author":[{"embeddable":true,"href":"https:\/\/encuentroinformativo.com.mx\/index.php?rest_route=\/wp\/v2\/users\/1"}],"replies":[{"embeddable":true,"href":"https:\/\/encuentroinformativo.com.mx\/index.php?rest_route=%2Fwp%2Fv2%2Fcomments&post=17447"}],"version-history":[{"count":1,"href":"https:\/\/encuentroinformativo.com.mx\/index.php?rest_route=\/wp\/v2\/posts\/17447\/revisions"}],"predecessor-version":[{"id":17449,"href":"https:\/\/encuentroinformativo.com.mx\/index.php?rest_route=\/wp\/v2\/posts\/17447\/revisions\/17449"}],"wp:featuredmedia":[{"embeddable":true,"href":"https:\/\/encuentroinformativo.com.mx\/index.php?rest_route=\/wp\/v2\/media\/17448"}],"wp:attachment":[{"href":"https:\/\/encuentroinformativo.com.mx\/index.php?rest_route=%2Fwp%2Fv2%2Fmedia&parent=17447"}],"wp:term":[{"taxonomy":"category","embeddable":true,"href":"https:\/\/encuentroinformativo.com.mx\/index.php?rest_route=%2Fwp%2Fv2%2Fcategories&post=17447"},{"taxonomy":"post_tag","embeddable":true,"href":"https:\/\/encuentroinformativo.com.mx\/index.php?rest_route=%2Fwp%2Fv2%2Ftags&post=17447"}],"curies":[{"name":"wp","href":"https:\/\/api.w.org\/{rel}","templated":true}]}}