{"id":1745,"date":"2020-04-09T20:05:46","date_gmt":"2020-04-10T01:05:46","guid":{"rendered":"https:\/\/encuentroinformativo.com\/?p=1745"},"modified":"2020-04-09T20:05:48","modified_gmt":"2020-04-10T01:05:48","slug":"diputado-gestiona-acuerdos-para-atender-desabasto-de-agua-en-jilotepec","status":"publish","type":"post","link":"https:\/\/encuentroinformativo.com.mx\/?p=1745","title":{"rendered":"Diputado gestiona acuerdos para atender desabasto de agua en Jilotepec"},"content":{"rendered":"\n<p><strong>Redacci\u00f3n <\/strong><\/p>\n\n\n\n<p>Jilotepec, Ver.- El problema que existe por el estiaje prolongado que el cambio clim\u00e1tico ha tra\u00eddo a nuestro estado desde el a\u00f1o pasado y como consecuencia los manantiales se est\u00e1n secando en plena primavera,  lo que ha ocasionado tambi\u00e9n un problema social entre los habitantes de las comunidades de Las Lomas y La Concepci\u00f3n.<\/p>\n\n\n\n<p>Para esto se pidi\u00f3 el apoyo y participaci\u00f3n del Presidente Municipal, Sergio Fern\u00e1ndez Lara y el Delegado de Pol\u00edtica Regional Carlos Belli, para mediar entre las partes y tomar acuerdos, para evitar confrontaciones y buscar la mejor alternativa para resolver el problema.<\/p>\n\n\n\n<p>Aprovechando la visita programada del Diputado de Misantla, Carlos Jim\u00e9nez, \u201cEl Potrillo\u201dse invit\u00f3 al representante legislativo a participar en el di\u00e1logo con los  pobladores de estas comunidades.<\/p>\n\n\n\n<p>\u201cDebemos solidarizarnos, hoy m\u00e1s que nunca estamos atravesando un problema de salud que nos est\u00e1 afectando a todos, una situaci\u00f3n at\u00edpica que no se hab\u00eda vivido, aunado a esto tenemos la sequ\u00eda que en varios lugares est\u00e1 dejando literalmente sin agua para consumo b\u00e1sico a comunidades enteras, es momento de ser humanitarios, dialogar y llegar acuerdos, que privilegien la buena relaci\u00f3n entre comunidades, siendo solidarios y humanista\u201d, se\u00f1al\u00f3 Carlos Jim\u00e9nez.<\/p>\n\n\n\n<p>De esta reuni\u00f3n se tomaron algunos acuerdos y se seguir\u00e1 dialogando con los ciudadanos para que se pueda apoyar a la gente de La Loma que tiene 800 habitantes que est\u00e1n padeciendo la falta de agua; por su parte, La Concepci\u00f3n cuenta con 2 mil 500 habitantes y el fraccionamiento de la Concepci\u00f3n otros 2 mil 500, que dependen de la toma concesionada a estas comunidades para abastecer a su poblaci\u00f3n.<\/p>\n\n\n\n<p>De Las Lomas estuvo presente el presidente del comit\u00e9 de Agua, Jos\u00e9 Cruz Lagunes Bello,  Gudelia Hern\u00e1ndez Paredes, tesorera; Neri Garc\u00eda Hern\u00e1ndez suplente del agente municipal, Felicitas Hern\u00e1ndez Cort\u00e9s, secretaria de la junta de mejoras, de La Concepci\u00f3n as\u00ed como el se\u00f1or Lorenzo Basurto, Agente municipal, y el presidente del comit\u00e9 de Agua el se\u00f1or Humberto Hern\u00e1ndez Callejas, entre otros representantes de ambas comunidades.<\/p>\n","protected":false},"excerpt":{"rendered":"<p>Redacci\u00f3n Jilotepec, Ver.- El problema que existe por el estiaje prolongado que el cambio clim\u00e1tico ha tra\u00eddo a nuestro estado desde el a\u00f1o pasado y como consecuencia los manantiales se est\u00e1n secando en plena primavera, lo que ha ocasionado tambi\u00e9n un problema social entre los habitantes de las comunidades de Las Lomas y La Concepci\u00f3n. [&hellip;]<\/p>\n","protected":false},"author":1,"featured_media":1746,"comment_status":"open","ping_status":"open","sticky":false,"template":"","format":"standard","meta":{"_jetpack_memberships_contains_paid_content":false,"footnotes":""},"categories":[2],"tags":[],"class_list":["post-1745","post","type-post","status-publish","format-standard","has-post-thumbnail","hentry","category-estado"],"jetpack_featured_media_url":"https:\/\/encuentroinformativo.com.mx\/wp-content\/uploads\/2020\/04\/5DAED7B4-EC90-4F9D-B026-47BCDC2504B8.jpeg","jetpack_sharing_enabled":true,"jetpack_likes_enabled":true,"amp_enabled":true,"_links":{"self":[{"href":"https:\/\/encuentroinformativo.com.mx\/index.php?rest_route=\/wp\/v2\/posts\/1745","targetHints":{"allow":["GET"]}}],"collection":[{"href":"https:\/\/encuentroinformativo.com.mx\/index.php?rest_route=\/wp\/v2\/posts"}],"about":[{"href":"https:\/\/encuentroinformativo.com.mx\/index.php?rest_route=\/wp\/v2\/types\/post"}],"author":[{"embeddable":true,"href":"https:\/\/encuentroinformativo.com.mx\/index.php?rest_route=\/wp\/v2\/users\/1"}],"replies":[{"embeddable":true,"href":"https:\/\/encuentroinformativo.com.mx\/index.php?rest_route=%2Fwp%2Fv2%2Fcomments&post=1745"}],"version-history":[{"count":1,"href":"https:\/\/encuentroinformativo.com.mx\/index.php?rest_route=\/wp\/v2\/posts\/1745\/revisions"}],"predecessor-version":[{"id":1747,"href":"https:\/\/encuentroinformativo.com.mx\/index.php?rest_route=\/wp\/v2\/posts\/1745\/revisions\/1747"}],"wp:featuredmedia":[{"embeddable":true,"href":"https:\/\/encuentroinformativo.com.mx\/index.php?rest_route=\/wp\/v2\/media\/1746"}],"wp:attachment":[{"href":"https:\/\/encuentroinformativo.com.mx\/index.php?rest_route=%2Fwp%2Fv2%2Fmedia&parent=1745"}],"wp:term":[{"taxonomy":"category","embeddable":true,"href":"https:\/\/encuentroinformativo.com.mx\/index.php?rest_route=%2Fwp%2Fv2%2Fcategories&post=1745"},{"taxonomy":"post_tag","embeddable":true,"href":"https:\/\/encuentroinformativo.com.mx\/index.php?rest_route=%2Fwp%2Fv2%2Ftags&post=1745"}],"curies":[{"name":"wp","href":"https:\/\/api.w.org\/{rel}","templated":true}]}}