{"id":17450,"date":"2021-08-17T09:30:00","date_gmt":"2021-08-17T14:30:00","guid":{"rendered":"https:\/\/encuentroinformativo.com.mx\/?p=17450"},"modified":"2021-08-17T09:30:04","modified_gmt":"2021-08-17T14:30:04","slug":"inicia-montaje-en-museo-de-la-ciudad-para-exposicion-sobre-leonardo-da-vinci","status":"publish","type":"post","link":"https:\/\/encuentroinformativo.com.mx\/?p=17450","title":{"rendered":"Inicia montaje en Museo de la Ciudad para exposici\u00f3n sobre Leonardo Da Vinci"},"content":{"rendered":"\n<p><strong>Alejandro \u00c1vila<\/strong><\/p>\n\n\n\n<p>Veracruz, Ver. \u2013 Este lunes 16 de agosto lleg\u00f3 a Veracruz el material que ser\u00e1 montado para la exposici\u00f3n de Leonardo Da Vinci titulada \u201cEl Genio\u201d, misma que se presentar\u00e1 en el Museo de la Ciudad de Veracruz a partir del 23 de agosto y hasta el 23 de diciembre.<\/p>\n\n\n\n<p>Si bien el acto protocolario y corte de list\u00f3n ser\u00e1 realizado el pr\u00f3ximo lunes por el alcalde de Veracruz, Fernando Yunes M\u00e1rquez; toda esta semana se comenzar\u00e1 con el ensamblaje de los artefactos que cre\u00f3 el artista italiano.<\/p>\n\n\n\n<p>\u201cEstar\u00e1 constituida por cerca de 43 obras, que van desde maquinas que invent\u00f3 el maestro Leonardo Da Vinci, hasta las pinturas m\u00e1s importantes. Dentro de las obras m\u00e1s importantes y que los ciudadanos de la zona conurbada van a poder presenciar son, La Mona Lisa, La \u00daltima Cena, El Bautismo de Cristo, las maquinas basadas en aleteo, las maquinas de trabajo, as\u00ed como inventos de guerra que el propio maestro Leonardo Da Vinci dise\u00f1\u00f3\u201d, declar\u00f3 en entrevista el director de Turismo, Jos\u00e9 Antonio Salvatori Arjona.<\/p>\n\n\n\n<p>El funcionario municipal, detall\u00f3 que ser\u00e1 una exposici\u00f3n interactiva, donde habr\u00e1 pantallas con videos ilustrativos del artista, adem\u00e1s de audios que explican cada una de las obras que se exponen. Los horarios de visita ser\u00e1n de 10 de la ma\u00f1ana a 19 horas de martes a domingo.<\/p>\n\n\n\n<p>En ese sentido, agradeci\u00f3 a la Asociaci\u00f3n Civil \u201cExposiciones Sin Fronteras\u201d la intenci\u00f3n de montar la obra en la ciudad de Veracruz, tal y como ya se hizo en la Ciudad de M\u00e9xico, Guadalajara, Monterrey, Quer\u00e9taro, entre otras ciudades del mundo.<\/p>\n\n\n\n<p>\u201cPlaticando con los empresarios de Exposiciones Sin Fronteras nos comentan que ellos tienen varias exposiciones, entre ellas la de Leonardo Da Vinci, otra de las exposiciones que ellos tienen es de Asesinos Seriales, otra que tienen es de Miguel \u00c1ngel, denominada El Divino\u201d, resalt\u00f3 Jos\u00e9 Salvatori, quien asegur\u00f3 est\u00e1n en platicas para traer estas otras dos exposiciones a Veracruz.<\/p>\n","protected":false},"excerpt":{"rendered":"<p>Alejandro \u00c1vila Veracruz, Ver. \u2013 Este lunes 16 de agosto lleg\u00f3 a Veracruz el material que ser\u00e1 montado para la exposici\u00f3n de Leonardo Da Vinci titulada \u201cEl Genio\u201d, misma que se presentar\u00e1 en el Museo de la Ciudad de Veracruz a partir del 23 de agosto y hasta el 23 de diciembre. Si bien el [&hellip;]<\/p>\n","protected":false},"author":1,"featured_media":17451,"comment_status":"open","ping_status":"open","sticky":false,"template":"","format":"standard","meta":{"_jetpack_memberships_contains_paid_content":false,"footnotes":""},"categories":[2],"tags":[],"class_list":["post-17450","post","type-post","status-publish","format-standard","has-post-thumbnail","hentry","category-estado"],"jetpack_featured_media_url":"https:\/\/encuentroinformativo.com.mx\/wp-content\/uploads\/2021\/08\/BF7CEE40-188E-4F3E-B278-9528D49F6FFB.jpeg","jetpack_sharing_enabled":true,"jetpack_likes_enabled":true,"amp_enabled":true,"_links":{"self":[{"href":"https:\/\/encuentroinformativo.com.mx\/index.php?rest_route=\/wp\/v2\/posts\/17450","targetHints":{"allow":["GET"]}}],"collection":[{"href":"https:\/\/encuentroinformativo.com.mx\/index.php?rest_route=\/wp\/v2\/posts"}],"about":[{"href":"https:\/\/encuentroinformativo.com.mx\/index.php?rest_route=\/wp\/v2\/types\/post"}],"author":[{"embeddable":true,"href":"https:\/\/encuentroinformativo.com.mx\/index.php?rest_route=\/wp\/v2\/users\/1"}],"replies":[{"embeddable":true,"href":"https:\/\/encuentroinformativo.com.mx\/index.php?rest_route=%2Fwp%2Fv2%2Fcomments&post=17450"}],"version-history":[{"count":1,"href":"https:\/\/encuentroinformativo.com.mx\/index.php?rest_route=\/wp\/v2\/posts\/17450\/revisions"}],"predecessor-version":[{"id":17452,"href":"https:\/\/encuentroinformativo.com.mx\/index.php?rest_route=\/wp\/v2\/posts\/17450\/revisions\/17452"}],"wp:featuredmedia":[{"embeddable":true,"href":"https:\/\/encuentroinformativo.com.mx\/index.php?rest_route=\/wp\/v2\/media\/17451"}],"wp:attachment":[{"href":"https:\/\/encuentroinformativo.com.mx\/index.php?rest_route=%2Fwp%2Fv2%2Fmedia&parent=17450"}],"wp:term":[{"taxonomy":"category","embeddable":true,"href":"https:\/\/encuentroinformativo.com.mx\/index.php?rest_route=%2Fwp%2Fv2%2Fcategories&post=17450"},{"taxonomy":"post_tag","embeddable":true,"href":"https:\/\/encuentroinformativo.com.mx\/index.php?rest_route=%2Fwp%2Fv2%2Ftags&post=17450"}],"curies":[{"name":"wp","href":"https:\/\/api.w.org\/{rel}","templated":true}]}}