{"id":17455,"date":"2021-08-17T10:19:34","date_gmt":"2021-08-17T15:19:34","guid":{"rendered":"https:\/\/encuentroinformativo.com.mx\/?p=17455"},"modified":"2021-08-17T10:19:38","modified_gmt":"2021-08-17T15:19:38","slug":"por-restricciones-se-perderan-mas-empleos-cometur","status":"publish","type":"post","link":"https:\/\/encuentroinformativo.com.mx\/?p=17455","title":{"rendered":"Por restricciones se perder\u00e1n m\u00e1s empleos: COMETUR"},"content":{"rendered":"\n<p><strong>Alejandro \u00c1vila<\/strong><\/p>\n\n\n\n<p>Veracruz, Ver. \u2013 La tercera ola de contagios de COVID-19 est\u00e1 pegando fuerte en el sector tur\u00edstico empresarial, ya que nuevamente y ante las medidas restrictivas de los gobiernos, se limita el acceso de visitantes a diversas zonas y se corre el riesgo de perder m\u00e1s empleos.<\/p>\n\n\n\n<p>Sergio Lois Heredia, presidente del Consejo Metropolitano de Turismo mencion\u00f3 que durante el mes de julio se tuvo una buena afluencia tur\u00edstica, pero durante el mes de agosto han visto como las ventas han disminuido a tal grado de haber d\u00edas con nula venta.<\/p>\n\n\n\n<p>\u201cPodemos decir que en cuanto a afluencia fue el mejor mes (julio) desde los meses que inici\u00f3 la pandemia. Desafortunadamente creo que no se puede tomar como una temporada alta y ahorita pues ya podemos decir que ya se acab\u00f3 esto. Generalmente la temporada alta de verano es de un mes, es la segunda mitad de julio y la primera mitad de agosto, pero la primera mitad de agosto ya hemos visto una ca\u00edda importante\u201d, destac\u00f3 Lois Heredia.<\/p>\n\n\n\n<p>Se\u00f1al\u00f3 que Gobierno del Estado deber\u00eda de incentivar a los visitantes de ciudades cercanas a que tomen sus autom\u00f3viles y acudan a sitios tur\u00edsticos, para al menos de esta manera se pueda continuar con el flujo econ\u00f3mico; pues cada unos de los hoteles y comercios cuentan con todas las medidas sanitarias.<\/p>\n\n\n\n<p>\u201cDurante los meses de pandemia, los fines de semana buenos son los que nos han dado la capacidad econ\u00f3mica necesaria pues para mantener nuestros negocios a flote.<\/p>\n\n\n\n<p>Finalmente, se\u00f1al\u00f3 que, si bien a inicio de a\u00f1o pensaron comenzar\u00edan a repuntar en ocupaci\u00f3n hotelera y flujo tur\u00edstico, ahora est\u00e1n viendo la forma de no dar de baja a m\u00e1s personal, pues mucho de lo que les afecta, son las restricciones y trabas que ponen los gobiernos.<\/p>\n\n\n\n<p>\u201cAhorita s\u00ed te puedo asegurar que este a\u00f1o no se va a recuperar ning\u00fan puesto laboral, y que si no nos cuidamos econ\u00f3micamente hablando y seguimos con medidas que restrinjan lo que es el turismo, lo que es el comercio, no solo no lo vamos a recuperar, sino que incluso podr\u00edamos estar llegando a perder m\u00e1s puestos de trabajos\u201d, sentenci\u00f3.<br>\u00a0<br>\u00a0<\/p>\n","protected":false},"excerpt":{"rendered":"<p>Alejandro \u00c1vila Veracruz, Ver. \u2013 La tercera ola de contagios de COVID-19 est\u00e1 pegando fuerte en el sector tur\u00edstico empresarial, ya que nuevamente y ante las medidas restrictivas de los gobiernos, se limita el acceso de visitantes a diversas zonas y se corre el riesgo de perder m\u00e1s empleos. Sergio Lois Heredia, presidente del Consejo [&hellip;]<\/p>\n","protected":false},"author":1,"featured_media":17456,"comment_status":"open","ping_status":"open","sticky":false,"template":"","format":"standard","meta":{"_jetpack_memberships_contains_paid_content":false,"footnotes":""},"categories":[2],"tags":[],"class_list":["post-17455","post","type-post","status-publish","format-standard","has-post-thumbnail","hentry","category-estado"],"jetpack_featured_media_url":"https:\/\/encuentroinformativo.com.mx\/wp-content\/uploads\/2021\/08\/50FED573-8FCD-4C0B-B749-A546EC0B9070.jpeg","jetpack_sharing_enabled":true,"jetpack_likes_enabled":true,"amp_enabled":true,"_links":{"self":[{"href":"https:\/\/encuentroinformativo.com.mx\/index.php?rest_route=\/wp\/v2\/posts\/17455","targetHints":{"allow":["GET"]}}],"collection":[{"href":"https:\/\/encuentroinformativo.com.mx\/index.php?rest_route=\/wp\/v2\/posts"}],"about":[{"href":"https:\/\/encuentroinformativo.com.mx\/index.php?rest_route=\/wp\/v2\/types\/post"}],"author":[{"embeddable":true,"href":"https:\/\/encuentroinformativo.com.mx\/index.php?rest_route=\/wp\/v2\/users\/1"}],"replies":[{"embeddable":true,"href":"https:\/\/encuentroinformativo.com.mx\/index.php?rest_route=%2Fwp%2Fv2%2Fcomments&post=17455"}],"version-history":[{"count":1,"href":"https:\/\/encuentroinformativo.com.mx\/index.php?rest_route=\/wp\/v2\/posts\/17455\/revisions"}],"predecessor-version":[{"id":17457,"href":"https:\/\/encuentroinformativo.com.mx\/index.php?rest_route=\/wp\/v2\/posts\/17455\/revisions\/17457"}],"wp:featuredmedia":[{"embeddable":true,"href":"https:\/\/encuentroinformativo.com.mx\/index.php?rest_route=\/wp\/v2\/media\/17456"}],"wp:attachment":[{"href":"https:\/\/encuentroinformativo.com.mx\/index.php?rest_route=%2Fwp%2Fv2%2Fmedia&parent=17455"}],"wp:term":[{"taxonomy":"category","embeddable":true,"href":"https:\/\/encuentroinformativo.com.mx\/index.php?rest_route=%2Fwp%2Fv2%2Fcategories&post=17455"},{"taxonomy":"post_tag","embeddable":true,"href":"https:\/\/encuentroinformativo.com.mx\/index.php?rest_route=%2Fwp%2Fv2%2Ftags&post=17455"}],"curies":[{"name":"wp","href":"https:\/\/api.w.org\/{rel}","templated":true}]}}